{"id":446,"date":"2021-03-09T13:44:29","date_gmt":"2021-03-09T19:44:29","guid":{"rendered":"http:\/\/boladepapel.org\/sitio\/?p=446"},"modified":"2022-08-27T22:55:12","modified_gmt":"2022-08-28T04:55:12","slug":"el-ano-que-no-tuvimos-rostro-a-aun-ano-de-la-pandemia-ehekatl-hernandez","status":"publish","type":"post","link":"https:\/\/boladepapel.org\/sitio\/el-ano-que-no-tuvimos-rostro-a-aun-ano-de-la-pandemia-ehekatl-hernandez\/","title":{"rendered":"El a\u00f1o que no tuvimos rostro"},"content":{"rendered":"\n<p class=\"has-text-align-right\"><em>Foto: Chico Correa FCB Agency<\/em><\/p>\n\n\n\n<blockquote>\n<p><span class=\"s1\">&#8230;afuera s\u00f3lo encontramos pares de ojos fugitivos y desconfiados, poco a poco nos fuimos quedando sin las se\u00f1ales y signos que com\u00fanmente nos ofrece el rostro de todo aquel desconocido, lo que nos permit\u00eda tener la elecci\u00f3n de establecer confianza, hacer un pacto silencioso, o por el contrario plantar nuestros limites, nuestra desaprobaci\u00f3n o repudio.<\/span><\/p><\/blockquote>\n<p><!--more--><\/p>\n\n\n\n<p>Podr\u00edamos decir que pasamos a un estado gaseoso de la sociedad, en donde, c\u00f3mo mol\u00e9culas de agua que se expanden, transitamos en una red distanciada pero permeable a cierta interacci\u00f3n.<\/p>\n\n\n\n<p>Y es que durante este a\u00f1o (ya en nuestra octava cuarentena), como un instante difuso que no deja prolongarse, solo nos fuimos reconociendo a trav\u00e9s de nuestro c\u00edrculo m\u00e1s cercano, el de los \u201csin mascarilla\u201d, y con suerte algo redescubrimos en ellos a fuerza de tener tan presente su limitado patr\u00f3n facial.<\/p>\n\n\n\n<p>Mientras que afuera, s\u00f3lo encontr\u00e1bamos pares de ojos fugitivos y desconfiados, poco a poco nos fuimos quedando sin las se\u00f1ales y signos que com\u00fanmente nos ofrece el rostro de todo aquel desconocido, lo que nos permit\u00eda en otro momento tener la elecci\u00f3n de establecer confianza, hacer un pacto silencioso, o por el contrario plantar nuestros limites, nuestra desaprobaci\u00f3n o repudio.<\/p>\n\n\n\n<p>Es por ello que la visualizaci\u00f3n, objetivaci\u00f3n y exteriorizaci\u00f3n del rostro propio y ajeno resulta claramente positiva para impulsar la conciencia del yo. Por tanto, la homogeneizaci\u00f3n y tipificaci\u00f3n del rostro o de lo que representa, en este caso el uso de la mascarilla, se prest\u00f3 a la despersonalizaci\u00f3n del individuo, dando paso al <em>hombre-masa<\/em>, una mancha vac\u00eda, an\u00f3nima y enferma, desprovista de singularidad, conform\u00e1ndonos con interactuar solo la neutralidad y la repetici\u00f3n, sin complicidades, sin v\u00ednculos, s\u00f3lo maniqu\u00edes que van y vienen.<\/p>\n\n\n\n<p>Optamos, entonces, voluntaria o involuntariamente a construirnos a nosotros mismos <a href=\"http:\/\/boladepapel.org\/sitio\/el-suceso-esta-adentro\/\" target=\"_blank\" rel=\"noreferrer noopener\">desde el interior<\/a> y desconfiar en todo momento del otro. La paradoja aqu\u00ed fue el dilema (exagerado y ambiguo, en algunos casos) que actu\u00f3 entre la salud mental colectiva y el libre albedr\u00edo, y por otro lado, la necesaria prevenci\u00f3n sanitaria.<\/p>\n\n\n\n<p>Por una parte, es sabido que la singularidad del rostro llama a la singularidad del hombre en cuanto persona. Un claro ejemplo de lo que <a href=\"https:\/\/es.wikipedia.org\/wiki\/Jacques_Aumont\" target=\"_blank\" rel=\"noreferrer noopener\">Jacques Aumont<\/a> denominaba la \u00abderrota del rostro\u00bb que transforma la cualidad en cantidad, el rostro en n\u00famero, en estereotipo; en definitiva: en mascarilla. Mientras por otro lado la <a href=\"https:\/\/www.who.int\/about\/es\/\" target=\"_blank\" rel=\"noreferrer noopener\">OMS<\/a>, las autoridades mundiales y expertos exhortan el uso de la mascarilla como parte de una estrategia integral de medidas para suprimir la transmisi\u00f3n y salvar vidas, ya que es de todos sabido que en regiones donde su uso se ha extendido, el riesgo de contagio y muerte tambi\u00e9n se redujo considerablemente.<\/p>\n\n\n\n<p>Ante esta realidad no queda mucho que argumentar, ya que los mismos expertos afirman que incluso con el redentor desarrollo y uso de la vacuna, el uso de la mascarilla tendr\u00e1 que seguir siendo un h\u00e1bito cotidiano, con el riesgo de continuar perdiendo ese reducto de humanidad hacia el otro por una indiferencia desoladora.<\/p>\n\n\n\n<p>Sin muchas opciones, entonces s\u00f3lo nos queda dejar de nadar contracorriente en este mar de resignaci\u00f3n para dejarnos llevar por las circunstancias, por el azar de esta macabra ruleta a la que nos ha obligado a jugar el virus. Y como aquellos maratonistas que han corrido ya un largo camino, tan lejos de la salida que no tiene ya sentido pensar en un regreso, s\u00f3lo queda seguir o desfallecer.<\/p>\n\n\n\n<p>Aunque a\u00fan es dif\u00edcil ver un puerto de salida de esta pandemia y sus secuelas, algunos empiezan a comprender las redefiniciones de la vida a partir de la individualidad y lo colectivo, por que sin duda nada ser\u00e1 igual, y quien este esperando regresar, simplemente pierde su tiempo y peor a\u00fan corre el riesgo de quedar en el mutismo a la mitad del t\u00fanel.<\/p>\n","protected":false},"excerpt":{"rendered":"<p>&#8230;afuera s\u00f3lo encontramos pares de ojos fugitivos y desconfiados, poco a poco nos fuimos quedando sin las se\u00f1ales y signos que com\u00fanmente nos ofrece el rostro de todo aquel desconocido, lo que nos permit\u00eda tener la elecci\u00f3n de establecer confianza, hacer un pacto silencioso, o por el contrario plantar nuestros limites, nuestra desaprobaci\u00f3n o repudio.<\/p>\n","protected":false},"author":1,"featured_media":478,"comment_status":"closed","ping_status":"open","sticky":false,"template":"","format":"standard","meta":[],"categories":[44],"tags":[],"yoast_head":"<!-- This site is optimized with the Yoast SEO plugin v17.0 - https:\/\/yoast.com\/wordpress\/plugins\/seo\/ -->\n<meta name=\"description\" content=\"Ensayo sobre el uso de mascarilla a un a\u00f1o de la pandemia de Covid. La paradoja entre la prevenci\u00f3n sanitaria y el distanciamiento social.\" \/>\n<meta name=\"robots\" content=\"index, follow, max-snippet:-1, max-image-preview:large, max-video-preview:-1\" \/>\n<link rel=\"canonical\" href=\"http:\/\/boladepapel.org\/sitio\/el-ano-que-no-tuvimos-rostro-a-aun-ano-de-la-pandemia-ehekatl-hernandez\/\" \/>\n<meta property=\"og:locale\" content=\"es_ES\" \/>\n<meta property=\"og:type\" content=\"article\" \/>\n<meta property=\"og:title\" content=\"El a\u00f1o que no tuvimos rostro Bola de Papel El Hilo Negro ensayo ehekatl hern\u00e1ndez mascarilla\" \/>\n<meta property=\"og:description\" content=\"Ensayo sobre el uso de mascarilla a un a\u00f1o de la pandemia de Covid. La paradoja entre la prevenci\u00f3n sanitaria y el distanciamiento social.\" \/>\n<meta property=\"og:url\" content=\"http:\/\/boladepapel.org\/sitio\/el-ano-que-no-tuvimos-rostro-a-aun-ano-de-la-pandemia-ehekatl-hernandez\/\" \/>\n<meta property=\"og:site_name\" content=\"Bola de Papel\" \/>\n<meta property=\"article:published_time\" content=\"2021-03-09T19:44:29+00:00\" \/>\n<meta property=\"article:modified_time\" content=\"2022-08-28T04:55:12+00:00\" \/>\n<meta property=\"og:image\" content=\"http:\/\/boladepapel.org\/sitio\/wp-content\/uploads\/fine_english_kv_hr_01.jpg\" \/>\n\t<meta property=\"og:image:width\" content=\"1807\" \/>\n\t<meta property=\"og:image:height\" content=\"973\" \/>\n<meta name=\"twitter:card\" content=\"summary_large_image\" \/>\n<meta name=\"twitter:label1\" content=\"Escrito por\" \/>\n\t<meta name=\"twitter:data1\" content=\"Ehekatl Hern\u00e1ndez\" \/>\n\t<meta name=\"twitter:label2\" content=\"Tiempo de lectura\" \/>\n\t<meta name=\"twitter:data2\" content=\"3 minutos\" \/>\n<script type=\"application\/ld+json\" class=\"yoast-schema-graph\">{\"@context\":\"https:\/\/schema.org\",\"@graph\":[{\"@type\":\"WebSite\",\"@id\":\"https:\/\/boladepapel.org\/sitio\/#website\",\"url\":\"https:\/\/boladepapel.org\/sitio\/\",\"name\":\"Bola de Papel\",\"description\":\"Editorial independiente. M\\u00e9xico. Novela, Poes\\u00eda y Distribuci\\u00f3n\",\"potentialAction\":[{\"@type\":\"SearchAction\",\"target\":{\"@type\":\"EntryPoint\",\"urlTemplate\":\"https:\/\/boladepapel.org\/sitio\/?s={search_term_string}\"},\"query-input\":\"required name=search_term_string\"}],\"inLanguage\":\"es\"},{\"@type\":\"ImageObject\",\"@id\":\"http:\/\/boladepapel.org\/sitio\/el-ano-que-no-tuvimos-rostro-a-aun-ano-de-la-pandemia-ehekatl-hernandez\/#primaryimage\",\"inLanguage\":\"es\",\"url\":\"https:\/\/boladepapel.org\/sitio\/wp-content\/uploads\/fine_english_kv_hr_01.jpg\",\"contentUrl\":\"https:\/\/boladepapel.org\/sitio\/wp-content\/uploads\/fine_english_kv_hr_01.jpg\",\"width\":1807,\"height\":973,\"caption\":\"Un a\\u00f1o sin rostro\"},{\"@type\":\"WebPage\",\"@id\":\"http:\/\/boladepapel.org\/sitio\/el-ano-que-no-tuvimos-rostro-a-aun-ano-de-la-pandemia-ehekatl-hernandez\/#webpage\",\"url\":\"http:\/\/boladepapel.org\/sitio\/el-ano-que-no-tuvimos-rostro-a-aun-ano-de-la-pandemia-ehekatl-hernandez\/\",\"name\":\"El a\\u00f1o que no tuvimos rostro Bola de Papel El Hilo Negro ensayo ehekatl hern\\u00e1ndez mascarilla\",\"isPartOf\":{\"@id\":\"https:\/\/boladepapel.org\/sitio\/#website\"},\"primaryImageOfPage\":{\"@id\":\"http:\/\/boladepapel.org\/sitio\/el-ano-que-no-tuvimos-rostro-a-aun-ano-de-la-pandemia-ehekatl-hernandez\/#primaryimage\"},\"datePublished\":\"2021-03-09T19:44:29+00:00\",\"dateModified\":\"2022-08-28T04:55:12+00:00\",\"author\":{\"@id\":\"https:\/\/boladepapel.org\/sitio\/#\/schema\/person\/de0cc5e0ddd3424911e21f2009e3087a\"},\"description\":\"Ensayo sobre el uso de mascarilla a un a\\u00f1o de la pandemia de Covid. La paradoja entre la prevenci\\u00f3n sanitaria y el distanciamiento social.\",\"breadcrumb\":{\"@id\":\"http:\/\/boladepapel.org\/sitio\/el-ano-que-no-tuvimos-rostro-a-aun-ano-de-la-pandemia-ehekatl-hernandez\/#breadcrumb\"},\"inLanguage\":\"es\",\"potentialAction\":[{\"@type\":\"ReadAction\",\"target\":[\"http:\/\/boladepapel.org\/sitio\/el-ano-que-no-tuvimos-rostro-a-aun-ano-de-la-pandemia-ehekatl-hernandez\/\"]}]},{\"@type\":\"BreadcrumbList\",\"@id\":\"http:\/\/boladepapel.org\/sitio\/el-ano-que-no-tuvimos-rostro-a-aun-ano-de-la-pandemia-ehekatl-hernandez\/#breadcrumb\",\"itemListElement\":[{\"@type\":\"ListItem\",\"position\":1,\"name\":\"Inicio\",\"item\":\"http:\/\/boladepapel.org\/sitio\/\"},{\"@type\":\"ListItem\",\"position\":2,\"name\":\"ensayos sobre la pandemia\"}]},{\"@type\":\"Person\",\"@id\":\"https:\/\/boladepapel.org\/sitio\/#\/schema\/person\/de0cc5e0ddd3424911e21f2009e3087a\",\"name\":\"Ehekatl Hern\\u00e1ndez\",\"image\":{\"@type\":\"ImageObject\",\"@id\":\"https:\/\/boladepapel.org\/sitio\/#personlogo\",\"inLanguage\":\"es\",\"url\":\"https:\/\/secure.gravatar.com\/avatar\/125a343f10a6b968c7a756ee40ea4599?s=96&d=mm&r=g\",\"contentUrl\":\"https:\/\/secure.gravatar.com\/avatar\/125a343f10a6b968c7a756ee40ea4599?s=96&d=mm&r=g\",\"caption\":\"Ehekatl Hern\\u00e1ndez\"},\"description\":\"Ehekatl Hern\\u00e1ndez. Dise\\u00f1a, edita y a veces escribe. Twitter| Instagram.\",\"url\":\"https:\/\/boladepapel.org\/sitio\/author\/labola\/\"}]}<\/script>\n<!-- \/ Yoast SEO plugin. -->","yoast_head_json":{"description":"Ensayo sobre el uso de mascarilla a un a\u00f1o de la pandemia de Covid. La paradoja entre la prevenci\u00f3n sanitaria y el distanciamiento social.","robots":{"index":"index","follow":"follow","max-snippet":"max-snippet:-1","max-image-preview":"max-image-preview:large","max-video-preview":"max-video-preview:-1"},"canonical":"http:\/\/boladepapel.org\/sitio\/el-ano-que-no-tuvimos-rostro-a-aun-ano-de-la-pandemia-ehekatl-hernandez\/","og_locale":"es_ES","og_type":"article","og_title":"El a\u00f1o que no tuvimos rostro Bola de Papel El Hilo Negro ensayo ehekatl hern\u00e1ndez mascarilla","og_description":"Ensayo sobre el uso de mascarilla a un a\u00f1o de la pandemia de Covid. La paradoja entre la prevenci\u00f3n sanitaria y el distanciamiento social.","og_url":"http:\/\/boladepapel.org\/sitio\/el-ano-que-no-tuvimos-rostro-a-aun-ano-de-la-pandemia-ehekatl-hernandez\/","og_site_name":"Bola de Papel","article_published_time":"2021-03-09T19:44:29+00:00","article_modified_time":"2022-08-28T04:55:12+00:00","og_image":[{"width":1807,"height":973,"url":"http:\/\/boladepapel.org\/sitio\/wp-content\/uploads\/fine_english_kv_hr_01.jpg","path":"\/home\/ehekatl\/public_html\/boladepapel.org\/sitio\/wp-content\/uploads\/fine_english_kv_hr_01.jpg","size":"full","id":478,"alt":"Un a\u00f1o sin rostro","pixels":1758211,"type":"image\/jpeg"}],"twitter_card":"summary_large_image","twitter_misc":{"Escrito por":"Ehekatl Hern\u00e1ndez","Tiempo de lectura":"3 minutos"},"schema":{"@context":"https:\/\/schema.org","@graph":[{"@type":"WebSite","@id":"https:\/\/boladepapel.org\/sitio\/#website","url":"https:\/\/boladepapel.org\/sitio\/","name":"Bola de Papel","description":"Editorial independiente. M\u00e9xico. Novela, Poes\u00eda y Distribuci\u00f3n","potentialAction":[{"@type":"SearchAction","target":{"@type":"EntryPoint","urlTemplate":"https:\/\/boladepapel.org\/sitio\/?s={search_term_string}"},"query-input":"required name=search_term_string"}],"inLanguage":"es"},{"@type":"ImageObject","@id":"http:\/\/boladepapel.org\/sitio\/el-ano-que-no-tuvimos-rostro-a-aun-ano-de-la-pandemia-ehekatl-hernandez\/#primaryimage","inLanguage":"es","url":"https:\/\/boladepapel.org\/sitio\/wp-content\/uploads\/fine_english_kv_hr_01.jpg","contentUrl":"https:\/\/boladepapel.org\/sitio\/wp-content\/uploads\/fine_english_kv_hr_01.jpg","width":1807,"height":973,"caption":"Un a\u00f1o sin rostro"},{"@type":"WebPage","@id":"http:\/\/boladepapel.org\/sitio\/el-ano-que-no-tuvimos-rostro-a-aun-ano-de-la-pandemia-ehekatl-hernandez\/#webpage","url":"http:\/\/boladepapel.org\/sitio\/el-ano-que-no-tuvimos-rostro-a-aun-ano-de-la-pandemia-ehekatl-hernandez\/","name":"El a\u00f1o que no tuvimos rostro Bola de Papel El Hilo Negro ensayo ehekatl hern\u00e1ndez mascarilla","isPartOf":{"@id":"https:\/\/boladepapel.org\/sitio\/#website"},"primaryImageOfPage":{"@id":"http:\/\/boladepapel.org\/sitio\/el-ano-que-no-tuvimos-rostro-a-aun-ano-de-la-pandemia-ehekatl-hernandez\/#primaryimage"},"datePublished":"2021-03-09T19:44:29+00:00","dateModified":"2022-08-28T04:55:12+00:00","author":{"@id":"https:\/\/boladepapel.org\/sitio\/#\/schema\/person\/de0cc5e0ddd3424911e21f2009e3087a"},"description":"Ensayo sobre el uso de mascarilla a un a\u00f1o de la pandemia de Covid. La paradoja entre la prevenci\u00f3n sanitaria y el distanciamiento social.","breadcrumb":{"@id":"http:\/\/boladepapel.org\/sitio\/el-ano-que-no-tuvimos-rostro-a-aun-ano-de-la-pandemia-ehekatl-hernandez\/#breadcrumb"},"inLanguage":"es","potentialAction":[{"@type":"ReadAction","target":["http:\/\/boladepapel.org\/sitio\/el-ano-que-no-tuvimos-rostro-a-aun-ano-de-la-pandemia-ehekatl-hernandez\/"]}]},{"@type":"BreadcrumbList","@id":"http:\/\/boladepapel.org\/sitio\/el-ano-que-no-tuvimos-rostro-a-aun-ano-de-la-pandemia-ehekatl-hernandez\/#breadcrumb","itemListElement":[{"@type":"ListItem","position":1,"name":"Inicio","item":"http:\/\/boladepapel.org\/sitio\/"},{"@type":"ListItem","position":2,"name":"ensayos sobre la pandemia"}]},{"@type":"Person","@id":"https:\/\/boladepapel.org\/sitio\/#\/schema\/person\/de0cc5e0ddd3424911e21f2009e3087a","name":"Ehekatl Hern\u00e1ndez","image":{"@type":"ImageObject","@id":"https:\/\/boladepapel.org\/sitio\/#personlogo","inLanguage":"es","url":"https:\/\/secure.gravatar.com\/avatar\/125a343f10a6b968c7a756ee40ea4599?s=96&d=mm&r=g","contentUrl":"https:\/\/secure.gravatar.com\/avatar\/125a343f10a6b968c7a756ee40ea4599?s=96&d=mm&r=g","caption":"Ehekatl Hern\u00e1ndez"},"description":"Ehekatl Hern\u00e1ndez. Dise\u00f1a, edita y a veces escribe. Twitter| Instagram.","url":"https:\/\/boladepapel.org\/sitio\/author\/labola\/"}]}},"_links":{"self":[{"href":"https:\/\/boladepapel.org\/sitio\/wp-json\/wp\/v2\/posts\/446"}],"collection":[{"href":"https:\/\/boladepapel.org\/sitio\/wp-json\/wp\/v2\/posts"}],"about":[{"href":"https:\/\/boladepapel.org\/sitio\/wp-json\/wp\/v2\/types\/post"}],"author":[{"embeddable":true,"href":"https:\/\/boladepapel.org\/sitio\/wp-json\/wp\/v2\/users\/1"}],"replies":[{"embeddable":true,"href":"https:\/\/boladepapel.org\/sitio\/wp-json\/wp\/v2\/comments?post=446"}],"version-history":[{"count":14,"href":"https:\/\/boladepapel.org\/sitio\/wp-json\/wp\/v2\/posts\/446\/revisions"}],"predecessor-version":[{"id":483,"href":"https:\/\/boladepapel.org\/sitio\/wp-json\/wp\/v2\/posts\/446\/revisions\/483"}],"wp:featuredmedia":[{"embeddable":true,"href":"https:\/\/boladepapel.org\/sitio\/wp-json\/wp\/v2\/media\/478"}],"wp:attachment":[{"href":"https:\/\/boladepapel.org\/sitio\/wp-json\/wp\/v2\/media?parent=446"}],"wp:term":[{"taxonomy":"category","embeddable":true,"href":"https:\/\/boladepapel.org\/sitio\/wp-json\/wp\/v2\/categories?post=446"},{"taxonomy":"post_tag","embeddable":true,"href":"https:\/\/boladepapel.org\/sitio\/wp-json\/wp\/v2\/tags?post=446"}],"curies":[{"name":"wp","href":"https:\/\/api.w.org\/{rel}","templated":true}]}}