{"id":415,"date":"2020-03-28T18:20:16","date_gmt":"2020-03-29T00:20:16","guid":{"rendered":"http:\/\/boladepapel.org\/sitio\/?p=415"},"modified":"2022-08-27T22:56:42","modified_gmt":"2022-08-28T04:56:42","slug":"el-suceso-esta-adentro-ensayo-de-ehekatl-hernandez","status":"publish","type":"post","link":"https:\/\/boladepapel.org\/sitio\/el-suceso-esta-adentro-ensayo-de-ehekatl-hernandez\/","title":{"rendered":"El Suceso est\u00e1 adentro"},"content":{"rendered":"<blockquote><span class=\"s1\">En tiempos vertiginosos, el mutismo y la inmovilidad aterra a primera instancia porque nos confronta con nosotros mismos, la otredad pasa a segundo t\u00e9rmino&nbsp; sin poder desligarse del todo porque al final somos un sistema interrelacionado y codependiente, como una colonia de bacterias o un arrecife de coral.<\/span><\/blockquote>\n<!--more-->\n<p class=\"p1\">Georges Perec dec\u00eda que la tragedia se convirti\u00f3 en Suceso, y que por lo tanto se da por hecho que sin tragedia no se piensa en trascendencia,<span class=\"Apple-converted-space\">&nbsp; <\/span>por ello planteaba poner mayor importancia en lo cotidiano, lo que com\u00fanmente se cataloga como intrascendente, y que parad\u00f3jicamente es lo que m\u00e1s consume nuestra vida. El escritor franc\u00e9s no pretend\u00eda descontextualizarlo ni llevarlo a nivel de Suceso, sino por el contrario,<span class=\"Apple-converted-space\">&nbsp; <\/span>pretend\u00eda conferirle un valor est\u00e9tico y de mayor relevancia<span class=\"Apple-converted-space\">&nbsp; <\/span>en nuestra vida. Esta reflexi\u00f3n viene a colaci\u00f3n por el confinamiento voluntario o involuntario que a nivel global estamos llevando a cabo a causa de la pandemia del COVID19, de repente tenemos que mirar hacia adentro como ejercicio de introspecci\u00f3n que empieza desde la propia morada. Uno es su casa, sus objetos, su ambiente, su sill\u00f3n y todo ello tiene detr\u00e1s de si un rastro po\u00e9tico que puede hacerse visible ante nuestros ojos tal como lo registro Andr\u00e9 Kert\u00e9sz, en sus \u00faltimos a\u00f1os fotografiando el paso del tiempo en el interior de su apartamento en Nueva York.<\/p>\n<p class=\"p1\"><span class=\"s1\">Com\u00fanmente se piensa que el tiempo fluye a un mismo ritmo para todos, pero experiencias como la de Kert\u00e9sz muestra que la corriente continua de sucesos que experimenta nuestra conciencia en el exterior (sobre todo de las grandes urbes) es una ilusi\u00f3n fr\u00e1gil, tejida en nuestro cerebro racional y nuestro comportamiento colectivo.<\/span><\/p>\n<p class=\"p1\"><span class=\"s1\">Y es que en tiempos vertiginosos, el mutismo y la inmovilidad aterra a primera instancia porque nos confronta con nosotros mismos, la otredad pasa a segundo t\u00e9rmino aunque sin poder desligarse del todo porque al final somos un sistema interrelacionado y codependiente, como una colonia de bacterias o un arrecife de coral.<\/span><\/p>\n<p class=\"p1\"><span class=\"s1\">Al pasar los d\u00edas sorprendentemente el Suceso, visto en informativos que replican hasta el paroxismo la desgracia, silencian su voz, se normalizan y diluyen su halo extra-ordinario, mientras que parad\u00f3jicamente empezamos a descubrir la sonoridad y presencia de lo alguna vez invisible y cotidiano, una fuga de agua, la mosca atrapada, lavarse las manos, el placer y refugio de mirar por la ventana un \u00e1rbol, un peat\u00f3n de paso apresurado. Eventos que se suceden d\u00eda a d\u00eda y que poco a poco van dando forma a una realidad de confinamiento presente.<\/span><\/p>\n<p class=\"p1\"><span class=\"s1\">Una semana despu\u00e9s nos percatamos de las grietas en el techo, el taconeo de una vecina, el olor a estofado de la cocina de<span class=\"Apple-converted-space\">&nbsp; <\/span>al lado y nos tranquiliza de alguna manera. La televisi\u00f3n siempre encendida, rumiando a\u00fan el Suceso, que se va transformado en ruido de fondo, un tel\u00f3n de cart\u00f3n que es nuestro hilo rojo con un exterior&nbsp; amorfo y poco distinguible,&nbsp; que con el paso de los d\u00edas pierde su estabilidad, su soporte.<\/span><\/p>\n<p class=\"p1\"><span class=\"s1\">Entonces las noches huelen a silencio, s\u00f3lo interrumpidas por el sonido ahogado del televisor de alg\u00fan vecino o por el paso de un coche que se consume poco a poco a la distancia, dando paso al vac\u00edo.<\/span><\/p>\n<p class=\"p1\"><span class=\"s1\">Pero en alg\u00fan momento, tarde o temprano, lentamente nos sorprender\u00e1 la Normalidad, y Suceso y Cotidianidad regresar\u00e1n a su forma. Una ma\u00f1ana sonar\u00e1 la alarma, volver\u00e1 la inmediatez, la movilidad extrema, las b\u00fasquedas exhaustivas. El reloj de arena dar\u00e1 un giro y volveremos a ser medianamente ciegos, hacia adentro.<\/span><\/p>","protected":false},"excerpt":{"rendered":"<p>En tiempos vertiginosos, el mutismo y la inmovilidad aterra a primera instancia porque nos confronta con nosotros mismos, la otredad pasa a segundo t\u00e9rmino&nbsp; sin poder desligarse del todo porque al final somos un sistema interrelacionado y codependiente, como una colonia de bacterias o un arrecife de coral.<\/p>\n","protected":false},"author":1,"featured_media":419,"comment_status":"closed","ping_status":"open","sticky":false,"template":"","format":"standard","meta":[],"categories":[44],"tags":[],"yoast_head":"<!-- This site is optimized with the Yoast SEO plugin v17.0 - https:\/\/yoast.com\/wordpress\/plugins\/seo\/ -->\n<meta name=\"description\" content=\"Ensayo literario de Ehekatl Hern\u00e1ndez en torno al suceso, el instante y lo cotidiano durante las cuarentenas por la pandemia del covid 19.\" \/>\n<meta name=\"robots\" content=\"index, follow, max-snippet:-1, max-image-preview:large, max-video-preview:-1\" \/>\n<link rel=\"canonical\" href=\"http:\/\/boladepapel.org\/sitio\/el-suceso-esta-adentro-ensayo-de-ehekatl-hernandez\/\" \/>\n<meta property=\"og:locale\" content=\"es_ES\" \/>\n<meta property=\"og:type\" content=\"article\" \/>\n<meta property=\"og:title\" content=\"El Suceso est\u00e1 adentro - Bola de Papel suceso cuarentena ensayo ehekatl\" \/>\n<meta property=\"og:description\" content=\"Ensayo literario de Ehekatl Hern\u00e1ndez en torno al suceso, el instante y lo cotidiano durante las cuarentenas por la pandemia del covid 19.\" \/>\n<meta property=\"og:url\" content=\"http:\/\/boladepapel.org\/sitio\/el-suceso-esta-adentro-ensayo-de-ehekatl-hernandez\/\" \/>\n<meta property=\"og:site_name\" content=\"Bola de Papel\" \/>\n<meta property=\"article:published_time\" content=\"2020-03-29T00:20:16+00:00\" \/>\n<meta property=\"article:modified_time\" content=\"2022-08-28T04:56:42+00:00\" \/>\n<meta property=\"og:image\" content=\"http:\/\/boladepapel.org\/sitio\/wp-content\/uploads\/cuarentena-dia7-BN-Ehekatl-hdz-e1585443526759.jpg\" \/>\n\t<meta property=\"og:image:width\" content=\"2422\" \/>\n\t<meta property=\"og:image:height\" content=\"1021\" \/>\n<meta name=\"twitter:card\" content=\"summary_large_image\" \/>\n<meta name=\"twitter:label1\" content=\"Escrito por\" \/>\n\t<meta name=\"twitter:data1\" content=\"Ehekatl Hern\u00e1ndez\" \/>\n\t<meta name=\"twitter:label2\" content=\"Tiempo de lectura\" \/>\n\t<meta name=\"twitter:data2\" content=\"3 minutos\" \/>\n<script type=\"application\/ld+json\" class=\"yoast-schema-graph\">{\"@context\":\"https:\/\/schema.org\",\"@graph\":[{\"@type\":\"WebSite\",\"@id\":\"https:\/\/boladepapel.org\/sitio\/#website\",\"url\":\"https:\/\/boladepapel.org\/sitio\/\",\"name\":\"Bola de Papel\",\"description\":\"Editorial independiente. M\\u00e9xico. Novela, Poes\\u00eda y Distribuci\\u00f3n\",\"potentialAction\":[{\"@type\":\"SearchAction\",\"target\":{\"@type\":\"EntryPoint\",\"urlTemplate\":\"https:\/\/boladepapel.org\/sitio\/?s={search_term_string}\"},\"query-input\":\"required name=search_term_string\"}],\"inLanguage\":\"es\"},{\"@type\":\"ImageObject\",\"@id\":\"http:\/\/boladepapel.org\/sitio\/el-suceso-esta-adentro-ensayo-de-ehekatl-hernandez\/#primaryimage\",\"inLanguage\":\"es\",\"url\":\"https:\/\/boladepapel.org\/sitio\/wp-content\/uploads\/cuarentena-dia7-BN-Ehekatl-hdz-e1585443526759.jpg\",\"contentUrl\":\"https:\/\/boladepapel.org\/sitio\/wp-content\/uploads\/cuarentena-dia7-BN-Ehekatl-hdz-e1585443526759.jpg\",\"width\":2422,\"height\":1021,\"caption\":\"El suceso est\\u00e1 adentro\"},{\"@type\":\"WebPage\",\"@id\":\"http:\/\/boladepapel.org\/sitio\/el-suceso-esta-adentro-ensayo-de-ehekatl-hernandez\/#webpage\",\"url\":\"http:\/\/boladepapel.org\/sitio\/el-suceso-esta-adentro-ensayo-de-ehekatl-hernandez\/\",\"name\":\"El Suceso est\\u00e1 adentro - Bola de Papel suceso cuarentena ensayo ehekatl\",\"isPartOf\":{\"@id\":\"https:\/\/boladepapel.org\/sitio\/#website\"},\"primaryImageOfPage\":{\"@id\":\"http:\/\/boladepapel.org\/sitio\/el-suceso-esta-adentro-ensayo-de-ehekatl-hernandez\/#primaryimage\"},\"datePublished\":\"2020-03-29T00:20:16+00:00\",\"dateModified\":\"2022-08-28T04:56:42+00:00\",\"author\":{\"@id\":\"https:\/\/boladepapel.org\/sitio\/#\/schema\/person\/de0cc5e0ddd3424911e21f2009e3087a\"},\"description\":\"Ensayo literario de Ehekatl Hern\\u00e1ndez en torno al suceso, el instante y lo cotidiano durante las cuarentenas por la pandemia del covid 19.\",\"breadcrumb\":{\"@id\":\"http:\/\/boladepapel.org\/sitio\/el-suceso-esta-adentro-ensayo-de-ehekatl-hernandez\/#breadcrumb\"},\"inLanguage\":\"es\",\"potentialAction\":[{\"@type\":\"ReadAction\",\"target\":[\"http:\/\/boladepapel.org\/sitio\/el-suceso-esta-adentro-ensayo-de-ehekatl-hernandez\/\"]}]},{\"@type\":\"BreadcrumbList\",\"@id\":\"http:\/\/boladepapel.org\/sitio\/el-suceso-esta-adentro-ensayo-de-ehekatl-hernandez\/#breadcrumb\",\"itemListElement\":[{\"@type\":\"ListItem\",\"position\":1,\"name\":\"Inicio\",\"item\":\"http:\/\/boladepapel.org\/sitio\/\"},{\"@type\":\"ListItem\",\"position\":2,\"name\":\"El Suceso est\\u00e1 adentro\"}]},{\"@type\":\"Person\",\"@id\":\"https:\/\/boladepapel.org\/sitio\/#\/schema\/person\/de0cc5e0ddd3424911e21f2009e3087a\",\"name\":\"Ehekatl Hern\\u00e1ndez\",\"image\":{\"@type\":\"ImageObject\",\"@id\":\"https:\/\/boladepapel.org\/sitio\/#personlogo\",\"inLanguage\":\"es\",\"url\":\"https:\/\/secure.gravatar.com\/avatar\/125a343f10a6b968c7a756ee40ea4599?s=96&d=mm&r=g\",\"contentUrl\":\"https:\/\/secure.gravatar.com\/avatar\/125a343f10a6b968c7a756ee40ea4599?s=96&d=mm&r=g\",\"caption\":\"Ehekatl Hern\\u00e1ndez\"},\"description\":\"Ehekatl Hern\\u00e1ndez. Dise\\u00f1a, edita y a veces escribe. Twitter| Instagram.\",\"url\":\"https:\/\/boladepapel.org\/sitio\/author\/labola\/\"}]}<\/script>\n<!-- \/ Yoast SEO plugin. -->","yoast_head_json":{"description":"Ensayo literario de Ehekatl Hern\u00e1ndez en torno al suceso, el instante y lo cotidiano durante las cuarentenas por la pandemia del covid 19.","robots":{"index":"index","follow":"follow","max-snippet":"max-snippet:-1","max-image-preview":"max-image-preview:large","max-video-preview":"max-video-preview:-1"},"canonical":"http:\/\/boladepapel.org\/sitio\/el-suceso-esta-adentro-ensayo-de-ehekatl-hernandez\/","og_locale":"es_ES","og_type":"article","og_title":"El Suceso est\u00e1 adentro - Bola de Papel suceso cuarentena ensayo ehekatl","og_description":"Ensayo literario de Ehekatl Hern\u00e1ndez en torno al suceso, el instante y lo cotidiano durante las cuarentenas por la pandemia del covid 19.","og_url":"http:\/\/boladepapel.org\/sitio\/el-suceso-esta-adentro-ensayo-de-ehekatl-hernandez\/","og_site_name":"Bola de Papel","article_published_time":"2020-03-29T00:20:16+00:00","article_modified_time":"2022-08-28T04:56:42+00:00","og_image":[{"width":2422,"height":1021,"url":"http:\/\/boladepapel.org\/sitio\/wp-content\/uploads\/cuarentena-dia7-BN-Ehekatl-hdz-e1585443526759.jpg","path":"\/home\/ehekatl\/public_html\/boladepapel.org\/sitio\/wp-content\/uploads\/cuarentena-dia7-BN-Ehekatl-hdz-e1585443526759.jpg","size":"full","id":419,"alt":"El suceso est\u00e1 adentro","pixels":2472862,"type":"image\/jpeg"}],"twitter_card":"summary_large_image","twitter_misc":{"Escrito por":"Ehekatl Hern\u00e1ndez","Tiempo de lectura":"3 minutos"},"schema":{"@context":"https:\/\/schema.org","@graph":[{"@type":"WebSite","@id":"https:\/\/boladepapel.org\/sitio\/#website","url":"https:\/\/boladepapel.org\/sitio\/","name":"Bola de Papel","description":"Editorial independiente. M\u00e9xico. Novela, Poes\u00eda y Distribuci\u00f3n","potentialAction":[{"@type":"SearchAction","target":{"@type":"EntryPoint","urlTemplate":"https:\/\/boladepapel.org\/sitio\/?s={search_term_string}"},"query-input":"required name=search_term_string"}],"inLanguage":"es"},{"@type":"ImageObject","@id":"http:\/\/boladepapel.org\/sitio\/el-suceso-esta-adentro-ensayo-de-ehekatl-hernandez\/#primaryimage","inLanguage":"es","url":"https:\/\/boladepapel.org\/sitio\/wp-content\/uploads\/cuarentena-dia7-BN-Ehekatl-hdz-e1585443526759.jpg","contentUrl":"https:\/\/boladepapel.org\/sitio\/wp-content\/uploads\/cuarentena-dia7-BN-Ehekatl-hdz-e1585443526759.jpg","width":2422,"height":1021,"caption":"El suceso est\u00e1 adentro"},{"@type":"WebPage","@id":"http:\/\/boladepapel.org\/sitio\/el-suceso-esta-adentro-ensayo-de-ehekatl-hernandez\/#webpage","url":"http:\/\/boladepapel.org\/sitio\/el-suceso-esta-adentro-ensayo-de-ehekatl-hernandez\/","name":"El Suceso est\u00e1 adentro - Bola de Papel suceso cuarentena ensayo ehekatl","isPartOf":{"@id":"https:\/\/boladepapel.org\/sitio\/#website"},"primaryImageOfPage":{"@id":"http:\/\/boladepapel.org\/sitio\/el-suceso-esta-adentro-ensayo-de-ehekatl-hernandez\/#primaryimage"},"datePublished":"2020-03-29T00:20:16+00:00","dateModified":"2022-08-28T04:56:42+00:00","author":{"@id":"https:\/\/boladepapel.org\/sitio\/#\/schema\/person\/de0cc5e0ddd3424911e21f2009e3087a"},"description":"Ensayo literario de Ehekatl Hern\u00e1ndez en torno al suceso, el instante y lo cotidiano durante las cuarentenas por la pandemia del covid 19.","breadcrumb":{"@id":"http:\/\/boladepapel.org\/sitio\/el-suceso-esta-adentro-ensayo-de-ehekatl-hernandez\/#breadcrumb"},"inLanguage":"es","potentialAction":[{"@type":"ReadAction","target":["http:\/\/boladepapel.org\/sitio\/el-suceso-esta-adentro-ensayo-de-ehekatl-hernandez\/"]}]},{"@type":"BreadcrumbList","@id":"http:\/\/boladepapel.org\/sitio\/el-suceso-esta-adentro-ensayo-de-ehekatl-hernandez\/#breadcrumb","itemListElement":[{"@type":"ListItem","position":1,"name":"Inicio","item":"http:\/\/boladepapel.org\/sitio\/"},{"@type":"ListItem","position":2,"name":"El Suceso est\u00e1 adentro"}]},{"@type":"Person","@id":"https:\/\/boladepapel.org\/sitio\/#\/schema\/person\/de0cc5e0ddd3424911e21f2009e3087a","name":"Ehekatl Hern\u00e1ndez","image":{"@type":"ImageObject","@id":"https:\/\/boladepapel.org\/sitio\/#personlogo","inLanguage":"es","url":"https:\/\/secure.gravatar.com\/avatar\/125a343f10a6b968c7a756ee40ea4599?s=96&d=mm&r=g","contentUrl":"https:\/\/secure.gravatar.com\/avatar\/125a343f10a6b968c7a756ee40ea4599?s=96&d=mm&r=g","caption":"Ehekatl Hern\u00e1ndez"},"description":"Ehekatl Hern\u00e1ndez. Dise\u00f1a, edita y a veces escribe. Twitter| Instagram.","url":"https:\/\/boladepapel.org\/sitio\/author\/labola\/"}]}},"_links":{"self":[{"href":"https:\/\/boladepapel.org\/sitio\/wp-json\/wp\/v2\/posts\/415"}],"collection":[{"href":"https:\/\/boladepapel.org\/sitio\/wp-json\/wp\/v2\/posts"}],"about":[{"href":"https:\/\/boladepapel.org\/sitio\/wp-json\/wp\/v2\/types\/post"}],"author":[{"embeddable":true,"href":"https:\/\/boladepapel.org\/sitio\/wp-json\/wp\/v2\/users\/1"}],"replies":[{"embeddable":true,"href":"https:\/\/boladepapel.org\/sitio\/wp-json\/wp\/v2\/comments?post=415"}],"version-history":[{"count":16,"href":"https:\/\/boladepapel.org\/sitio\/wp-json\/wp\/v2\/posts\/415\/revisions"}],"predecessor-version":[{"id":485,"href":"https:\/\/boladepapel.org\/sitio\/wp-json\/wp\/v2\/posts\/415\/revisions\/485"}],"wp:featuredmedia":[{"embeddable":true,"href":"https:\/\/boladepapel.org\/sitio\/wp-json\/wp\/v2\/media\/419"}],"wp:attachment":[{"href":"https:\/\/boladepapel.org\/sitio\/wp-json\/wp\/v2\/media?parent=415"}],"wp:term":[{"taxonomy":"category","embeddable":true,"href":"https:\/\/boladepapel.org\/sitio\/wp-json\/wp\/v2\/categories?post=415"},{"taxonomy":"post_tag","embeddable":true,"href":"https:\/\/boladepapel.org\/sitio\/wp-json\/wp\/v2\/tags?post=415"}],"curies":[{"name":"wp","href":"https:\/\/api.w.org\/{rel}","templated":true}]}}