{"id":142,"date":"2016-10-03T02:06:38","date_gmt":"2016-10-03T02:06:38","guid":{"rendered":"http:\/\/boladepapel.org\/sitio\/?p=142"},"modified":"2022-08-27T22:58:52","modified_gmt":"2022-08-28T04:58:52","slug":"2-de-octubre-o-se-olvida-o-se-perdona","status":"publish","type":"post","link":"https:\/\/boladepapel.org\/sitio\/2-de-octubre-o-se-olvida-o-se-perdona\/","title":{"rendered":"2 de octubre o se olvida o se perdona"},"content":{"rendered":"<p class=\"p1\"><span class=\"s1\">La participaci\u00f3n ciudadana hoy m\u00e1s que nunca pone a prueba su responsabilidad y va entendiendo que la democracia al final de cuenta en un juego agridulce, Colombia vota por el NO a los acuerdos de paz, y aunque se sugiere que las poblaciones m\u00e1s afectadas por la guerrilla votaron por el SI, el refer\u00e9ndum por el NO permite intuir que una buena parte de los colombianos a\u00fan est\u00e1n dolidos por casi medio siglo de enfrentamientos, desplazamientos y desapariciones de amigos, familiares y conocidos, se intuye que a\u00fan claman justicia, y que no est\u00e1n preparados del todo para otorgar el dif\u00edcil perd\u00f3n. <\/span><\/p>\n<!--more-->\n<p class=\"p1\"><span class=\"s1\">En M\u00e9xico por otro lado se conmemoran 48 a\u00f1os de los acontecimientos de Tlatelolco, y contin\u00faan proliferando las voces del \u00abNo se olvida y No se perdona\u00bb, voces que en muchos casos s\u00f3lo son una deslavada herencia pol\u00edtica de aquel movimiento encabezado por estudiantes bien intencionados pero ingenuos. Y es que perdonar es de sabios dicen, pero el dolor, la tristeza y el recuerdo es de humanos; en M\u00e9xico estar\u00edamos dispuestos a \u201cperdonar\u201d al crimen organizado, a los rapaces pol\u00edticos o los excesos de la fuerzas p\u00fablica? \u00bfLos venezolanos al Chavismo?, \u00bfLos sudamericanos las dictaduras? La reconciliaci\u00f3n es una tarea dif\u00edcil, es injusta, dolorosa, muchos pierden y casi nadie gana, pero quiz\u00e1 muy en el fondo sea una buena oportunidad para iniciar de nuevo. Entendamos que perdonar no es necesariamente olvidar y hoy por hoy tanto M\u00e9xico como Colombia deber\u00edan de empezar a plantearse, desde sus propios acontecimientos, el tema de una reconciliaci\u00f3n interior, y sentar, al menos, las bases para construir un nuevo rumbo. Es posible ser humanos y sabios a la vez.<\/span><\/p>","protected":false},"excerpt":{"rendered":"<p>La participaci\u00f3n ciudadana hoy m\u00e1s que nunca pone a prueba su responsabilidad y va entendiendo que la democracia al final de cuenta en un juego agridulce, Colombia vota por el NO a los acuerdos de paz, y aunque se sugiere que las poblaciones m\u00e1s afectadas por la guerrilla votaron por el SI, el refer\u00e9ndum por [&hellip;]<\/p>\n","protected":false},"author":1,"featured_media":0,"comment_status":"closed","ping_status":"open","sticky":false,"template":"","format":"standard","meta":[],"categories":[44,43],"tags":[],"yoast_head":"<!-- This site is optimized with the Yoast SEO plugin v17.0 - https:\/\/yoast.com\/wordpress\/plugins\/seo\/ -->\n<meta name=\"robots\" content=\"index, follow, max-snippet:-1, max-image-preview:large, max-video-preview:-1\" \/>\n<link rel=\"canonical\" href=\"https:\/\/boladepapel.org\/sitio\/2-de-octubre-o-se-olvida-o-se-perdona\/\" \/>\n<meta property=\"og:locale\" content=\"es_ES\" \/>\n<meta property=\"og:type\" content=\"article\" \/>\n<meta property=\"og:title\" content=\"2 de octubre o se olvida o se perdona - Bola de Papel\" \/>\n<meta property=\"og:description\" content=\"La participaci\u00f3n ciudadana hoy m\u00e1s que nunca pone a prueba su responsabilidad y va entendiendo que la democracia al final de cuenta en un juego agridulce, Colombia vota por el NO a los acuerdos de paz, y aunque se sugiere que las poblaciones m\u00e1s afectadas por la guerrilla votaron por el SI, el refer\u00e9ndum por [&hellip;]\" \/>\n<meta property=\"og:url\" content=\"https:\/\/boladepapel.org\/sitio\/2-de-octubre-o-se-olvida-o-se-perdona\/\" \/>\n<meta property=\"og:site_name\" content=\"Bola de Papel\" \/>\n<meta property=\"article:published_time\" content=\"2016-10-03T02:06:38+00:00\" \/>\n<meta property=\"article:modified_time\" content=\"2022-08-28T04:58:52+00:00\" \/>\n<meta name=\"twitter:card\" content=\"summary_large_image\" \/>\n<meta name=\"twitter:label1\" content=\"Escrito por\" \/>\n\t<meta name=\"twitter:data1\" content=\"Ehekatl Hern\u00e1ndez\" \/>\n\t<meta name=\"twitter:label2\" content=\"Tiempo de lectura\" \/>\n\t<meta name=\"twitter:data2\" content=\"2 minutos\" \/>\n<script type=\"application\/ld+json\" class=\"yoast-schema-graph\">{\"@context\":\"https:\/\/schema.org\",\"@graph\":[{\"@type\":\"WebSite\",\"@id\":\"https:\/\/boladepapel.org\/sitio\/#website\",\"url\":\"https:\/\/boladepapel.org\/sitio\/\",\"name\":\"Bola de Papel\",\"description\":\"Editorial independiente. M\\u00e9xico. Novela, Poes\\u00eda y Distribuci\\u00f3n\",\"potentialAction\":[{\"@type\":\"SearchAction\",\"target\":{\"@type\":\"EntryPoint\",\"urlTemplate\":\"https:\/\/boladepapel.org\/sitio\/?s={search_term_string}\"},\"query-input\":\"required name=search_term_string\"}],\"inLanguage\":\"es\"},{\"@type\":\"WebPage\",\"@id\":\"https:\/\/boladepapel.org\/sitio\/2-de-octubre-o-se-olvida-o-se-perdona\/#webpage\",\"url\":\"https:\/\/boladepapel.org\/sitio\/2-de-octubre-o-se-olvida-o-se-perdona\/\",\"name\":\"2 de octubre o se olvida o se perdona - Bola de Papel\",\"isPartOf\":{\"@id\":\"https:\/\/boladepapel.org\/sitio\/#website\"},\"datePublished\":\"2016-10-03T02:06:38+00:00\",\"dateModified\":\"2022-08-28T04:58:52+00:00\",\"author\":{\"@id\":\"https:\/\/boladepapel.org\/sitio\/#\/schema\/person\/de0cc5e0ddd3424911e21f2009e3087a\"},\"breadcrumb\":{\"@id\":\"https:\/\/boladepapel.org\/sitio\/2-de-octubre-o-se-olvida-o-se-perdona\/#breadcrumb\"},\"inLanguage\":\"es\",\"potentialAction\":[{\"@type\":\"ReadAction\",\"target\":[\"https:\/\/boladepapel.org\/sitio\/2-de-octubre-o-se-olvida-o-se-perdona\/\"]}]},{\"@type\":\"BreadcrumbList\",\"@id\":\"https:\/\/boladepapel.org\/sitio\/2-de-octubre-o-se-olvida-o-se-perdona\/#breadcrumb\",\"itemListElement\":[{\"@type\":\"ListItem\",\"position\":1,\"name\":\"Inicio\",\"item\":\"http:\/\/boladepapel.org\/sitio\/\"},{\"@type\":\"ListItem\",\"position\":2,\"name\":\"2 de octubre o se olvida o se perdona\"}]},{\"@type\":\"Person\",\"@id\":\"https:\/\/boladepapel.org\/sitio\/#\/schema\/person\/de0cc5e0ddd3424911e21f2009e3087a\",\"name\":\"Ehekatl Hern\\u00e1ndez\",\"image\":{\"@type\":\"ImageObject\",\"@id\":\"https:\/\/boladepapel.org\/sitio\/#personlogo\",\"inLanguage\":\"es\",\"url\":\"https:\/\/secure.gravatar.com\/avatar\/125a343f10a6b968c7a756ee40ea4599?s=96&d=mm&r=g\",\"contentUrl\":\"https:\/\/secure.gravatar.com\/avatar\/125a343f10a6b968c7a756ee40ea4599?s=96&d=mm&r=g\",\"caption\":\"Ehekatl Hern\\u00e1ndez\"},\"description\":\"Ehekatl Hern\\u00e1ndez. Dise\\u00f1a, edita y a veces escribe. Twitter| Instagram.\",\"url\":\"https:\/\/boladepapel.org\/sitio\/author\/labola\/\"}]}<\/script>\n<!-- \/ Yoast SEO plugin. -->","yoast_head_json":{"robots":{"index":"index","follow":"follow","max-snippet":"max-snippet:-1","max-image-preview":"max-image-preview:large","max-video-preview":"max-video-preview:-1"},"canonical":"https:\/\/boladepapel.org\/sitio\/2-de-octubre-o-se-olvida-o-se-perdona\/","og_locale":"es_ES","og_type":"article","og_title":"2 de octubre o se olvida o se perdona - Bola de Papel","og_description":"La participaci\u00f3n ciudadana hoy m\u00e1s que nunca pone a prueba su responsabilidad y va entendiendo que la democracia al final de cuenta en un juego agridulce, Colombia vota por el NO a los acuerdos de paz, y aunque se sugiere que las poblaciones m\u00e1s afectadas por la guerrilla votaron por el SI, el refer\u00e9ndum por [&hellip;]","og_url":"https:\/\/boladepapel.org\/sitio\/2-de-octubre-o-se-olvida-o-se-perdona\/","og_site_name":"Bola de Papel","article_published_time":"2016-10-03T02:06:38+00:00","article_modified_time":"2022-08-28T04:58:52+00:00","twitter_card":"summary_large_image","twitter_misc":{"Escrito por":"Ehekatl Hern\u00e1ndez","Tiempo de lectura":"2 minutos"},"schema":{"@context":"https:\/\/schema.org","@graph":[{"@type":"WebSite","@id":"https:\/\/boladepapel.org\/sitio\/#website","url":"https:\/\/boladepapel.org\/sitio\/","name":"Bola de Papel","description":"Editorial independiente. M\u00e9xico. Novela, Poes\u00eda y Distribuci\u00f3n","potentialAction":[{"@type":"SearchAction","target":{"@type":"EntryPoint","urlTemplate":"https:\/\/boladepapel.org\/sitio\/?s={search_term_string}"},"query-input":"required name=search_term_string"}],"inLanguage":"es"},{"@type":"WebPage","@id":"https:\/\/boladepapel.org\/sitio\/2-de-octubre-o-se-olvida-o-se-perdona\/#webpage","url":"https:\/\/boladepapel.org\/sitio\/2-de-octubre-o-se-olvida-o-se-perdona\/","name":"2 de octubre o se olvida o se perdona - Bola de Papel","isPartOf":{"@id":"https:\/\/boladepapel.org\/sitio\/#website"},"datePublished":"2016-10-03T02:06:38+00:00","dateModified":"2022-08-28T04:58:52+00:00","author":{"@id":"https:\/\/boladepapel.org\/sitio\/#\/schema\/person\/de0cc5e0ddd3424911e21f2009e3087a"},"breadcrumb":{"@id":"https:\/\/boladepapel.org\/sitio\/2-de-octubre-o-se-olvida-o-se-perdona\/#breadcrumb"},"inLanguage":"es","potentialAction":[{"@type":"ReadAction","target":["https:\/\/boladepapel.org\/sitio\/2-de-octubre-o-se-olvida-o-se-perdona\/"]}]},{"@type":"BreadcrumbList","@id":"https:\/\/boladepapel.org\/sitio\/2-de-octubre-o-se-olvida-o-se-perdona\/#breadcrumb","itemListElement":[{"@type":"ListItem","position":1,"name":"Inicio","item":"http:\/\/boladepapel.org\/sitio\/"},{"@type":"ListItem","position":2,"name":"2 de octubre o se olvida o se perdona"}]},{"@type":"Person","@id":"https:\/\/boladepapel.org\/sitio\/#\/schema\/person\/de0cc5e0ddd3424911e21f2009e3087a","name":"Ehekatl Hern\u00e1ndez","image":{"@type":"ImageObject","@id":"https:\/\/boladepapel.org\/sitio\/#personlogo","inLanguage":"es","url":"https:\/\/secure.gravatar.com\/avatar\/125a343f10a6b968c7a756ee40ea4599?s=96&d=mm&r=g","contentUrl":"https:\/\/secure.gravatar.com\/avatar\/125a343f10a6b968c7a756ee40ea4599?s=96&d=mm&r=g","caption":"Ehekatl Hern\u00e1ndez"},"description":"Ehekatl Hern\u00e1ndez. Dise\u00f1a, edita y a veces escribe. Twitter| Instagram.","url":"https:\/\/boladepapel.org\/sitio\/author\/labola\/"}]}},"_links":{"self":[{"href":"https:\/\/boladepapel.org\/sitio\/wp-json\/wp\/v2\/posts\/142"}],"collection":[{"href":"https:\/\/boladepapel.org\/sitio\/wp-json\/wp\/v2\/posts"}],"about":[{"href":"https:\/\/boladepapel.org\/sitio\/wp-json\/wp\/v2\/types\/post"}],"author":[{"embeddable":true,"href":"https:\/\/boladepapel.org\/sitio\/wp-json\/wp\/v2\/users\/1"}],"replies":[{"embeddable":true,"href":"https:\/\/boladepapel.org\/sitio\/wp-json\/wp\/v2\/comments?post=142"}],"version-history":[{"count":1,"href":"https:\/\/boladepapel.org\/sitio\/wp-json\/wp\/v2\/posts\/142\/revisions"}],"predecessor-version":[{"id":143,"href":"https:\/\/boladepapel.org\/sitio\/wp-json\/wp\/v2\/posts\/142\/revisions\/143"}],"wp:attachment":[{"href":"https:\/\/boladepapel.org\/sitio\/wp-json\/wp\/v2\/media?parent=142"}],"wp:term":[{"taxonomy":"category","embeddable":true,"href":"https:\/\/boladepapel.org\/sitio\/wp-json\/wp\/v2\/categories?post=142"},{"taxonomy":"post_tag","embeddable":true,"href":"https:\/\/boladepapel.org\/sitio\/wp-json\/wp\/v2\/tags?post=142"}],"curies":[{"name":"wp","href":"https:\/\/api.w.org\/{rel}","templated":true}]}}