{"id":140,"date":"2016-08-09T01:56:44","date_gmt":"2016-08-09T01:56:44","guid":{"rendered":"http:\/\/boladepapel.org\/sitio\/?p=140"},"modified":"2022-08-27T22:59:16","modified_gmt":"2022-08-28T04:59:16","slug":"por-que-no-debemos-tener-lastima-de-los-millenials","status":"publish","type":"post","link":"https:\/\/boladepapel.org\/sitio\/por-que-no-debemos-tener-lastima-de-los-millenials\/","title":{"rendered":"Por qu\u00e9 no debemos tener l\u00e1stima de los Millenials."},"content":{"rendered":"<blockquote><span class=\"s1\">Una de las quejas y preocupaciones recurrentes habla de que los millenials tienen salarios m\u00e1s bajos, nulas prestaciones, sociales, pocas posibilidades de estabilidad laboral, lo cual indudablemente es cierto, pero sucede que muchas de estas aseveraciones se sustentan en necesidades y mediciones del siglo pasado, de otros modelos econ\u00f3micos, donde la calidad de vida se sustentaba principalmente en la acumulaci\u00f3n de bienes, casa, auto, tv, etc, pero qu\u00e9 sucede ahora, los bienes (salvo excepciones como los bienes inmuebles) a causa de la obsolescencia programada, dejaron de ser una inversi\u00f3n, ahora en un solo dispositivo se puede tener un centro de entretenimiento, trabajo, comunicaci\u00f3n e informaci\u00f3n por un costo que nunca nadie hubiera imaginado<\/span>.<\/blockquote>\n<span class=\"s1\">Lo peor que podemos hacer con esta generaci\u00f3n, es subestimarla y fomentar su pesimismo. \u00bfPor que? simplemente por que esta es la generaci\u00f3n que tiene todo lo que han deseado las generaciones predecesoras , la tambi\u00e9n conocida como generaci\u00f3n \u00abY\u00bb (seg\u00fan la taxonom\u00eda de Strauss y Howe) tiene ante si las herramientas y medios que no hubieran imaginado sus padres ni abuelos; con ellos se abri\u00f3 la caja de pandora, y los cambios que estamos viviendo en los paradigmas culturales, sociales y econ\u00f3micos, se est\u00e1 convirtiendo en uno de los m\u00e1s importantes en la historia reciente de la humanidad. Los Millenials son la generaci\u00f3n m\u00e1s informada de todos los tiempos, y la informaci\u00f3n es poder dado que permite tomar las decisiones correctas si se utiliza de manera responsable, cr\u00edtica y selectiva<\/span>.\n\n<!--more-->\n<p class=\"p1\"><span class=\"s1\">Culturalmente hay un mundo infinito por explorar que se reconstruye cada d\u00eda: inmediatez, comunicaci\u00f3n bidireccional, di\u00e1logo. Las tendencias se vuelven globales, y desde los barrios m\u00e1s marginales del planeta, pasando por cualquier minor\u00eda, tienen al fin voz global.<\/span><\/p>\n<p class=\"p1\"><span class=\"s1\">La informaci\u00f3n corre como p\u00f3lvora, ya no es necesario intermediarios, ni hay monopolios, la comunicaci\u00f3n masiva comienza a ser bidireccional. Los marginales fanzines y pasquines migraron a blogs y redes sociales. El consumo y la producci\u00f3n de cine, dise\u00f1o, m\u00fasica, literatura y entretenimiento, de ser \u00fanicamente asequibles para quienes tuviera cierto presupuesto en distribuciones regionales, ahora cuentan con las m\u00e1s eficaces y accesibles plataformas de producci\u00f3n, difusi\u00f3n, y distribuci\u00f3n de contenidos a nivel global de manera casi gratuita, el aislamiento cultural para bien o para mal, salvo raras excepciones, ya es cosa del pasado. De repente el mundo por primera vez se est\u00e1 conociendo as\u00ed mismo desde todas las aristas posibles.<\/span><\/p>\n<p class=\"p1\"><span class=\"s1\">Una de las quejas y preocupaciones recurrentes habla de que los millenials tienen salarios m\u00e1s bajos, nulas prestaciones, sociales, pocas posibilidades de estabilidad laboral, lo cual indudablemente es cierto, pero sucede que muchas de estas aseveraciones se sustentan en necesidades y mediciones del siglo pasado, de otros modelos econ\u00f3micos, donde la calidad de vida se sustentaba principalmente en la acumulaci\u00f3n de bienes, casa, auto, tv, etc, pero qu\u00e9 sucede ahora, los bienes (salvo excepciones como los bienes inmuebles) a causa de la obsolescencia programada, dejaron de ser una inversi\u00f3n, ahora en un solo dispositivo se puede tener un centro de entretenimiento, trabajo, comunicaci\u00f3n e informaci\u00f3n por un costo que nunca nadie hubiera imaginado. M\u00e1s es menos, ya no tiene sentido llenarse de aparatos para toda la vida. Un ejemplo la movilidad laboral hoy \u00bftiene sentido poseer costosos autom\u00f3viles, cuando la pr\u00e1ctica del home office empieza a ser recurrente?, los Millenials se mudan constantemente, ven en el alquiler compartido la forma de satisfacer el techo y sus necesidades b\u00e1sicas, con la ventaja de ejercer la movilidad selectiva seg\u00fan sus intereses personales y\/o laborales, el beneficio de pagar una hipoteca o un cr\u00e9dito durante los pr\u00f3ximos 30, 40 o hasta 50 a\u00f1os, en ese contexto quiz\u00e1 tampoco tenga ya mucho sentido.<\/span><\/p>\n<p class=\"p1\"><span class=\"s1\">Lo anterior incide directamente en la forma en que se van conformando otros modelos econ\u00f3micos particularmente en el \u00e1rea de servicios, tal es el caso de la econom\u00eda colaborativa la cual se sustenta en el uso de tecnolog\u00edas y sistemas de organizaci\u00f3n horizontal, que hoy est\u00e1n generando ganancias sin demasiada inversi\u00f3n, y en algunas ocasiones han puesto incluso, a temblar a los monopolios, desde casos de \u00e9xito como UBER, My Twin place, 3D Hubs, o Crono Share hasta modestas iniciativas que funcionan bajo el sistema de comercio electr\u00f3nico, apps, o iniciativas p\u00fablicas de fondeo para proyectos, sistemas que de alguna manera poco a poco se van replicando en versiones an\u00e1logas como comercio local, pero siempre bajo el mismo principio, de independencia y autosustentabilidad. Estas formas de trabajo rompen con el esquema tradicional de trabajo de oficina con estructuras organizativas piramidales; por otro lado si bien es evidente que la industria cada vez prescinde m\u00e1s de la mano de obra con la automatizaci\u00f3n de procesos, por tanto tambi\u00e9n se abre un fuerte campo laboral en el \u00e1rea de gesti\u00f3n, organizaci\u00f3n, coordinaci\u00f3n, educaci\u00f3n e investigaci\u00f3n, donde la perspectiva humana es imprescindible de ah\u00ed el repunte y las oportunidades en el sector de servicios.<\/span><\/p>\n<p class=\"p1\"><span class=\"s1\">El sector educativo por su parte, no se encuentra exento de est\u00e1 transformaci\u00f3n, hay mucho que hacer y replantear, lo cual desde luego abre tambi\u00e9n amplias posibilidades de desarrollo siempre y cuando se de vuelta de tuerca a la educaci\u00f3n tradicional acad\u00e9mica escasa en pensamiento cr\u00edtico, es important\u00edsimo desarrollar habilidades y competencias en \u00e1reas como el pensamiento an\u00e1l\u00edtico, el trabajo colaborativo, l\u00f3gico-matem\u00e1ticas, ling\u00fc\u00edstica, exploraci\u00f3n creativa, ingenier\u00edas, gesti\u00f3n de contenidos y dise\u00f1o de informaci\u00f3n.<\/span><\/p>\n<p class=\"p1\"><span class=\"s1\">En el momento en que los millenials entiendan y asuman estas perspectivas, y dejen atr\u00e1s la inercia de la era postindustrial, se les abrir\u00e1 un nuevo panorama en lo econ\u00f3mico y social, por primera vez tendr\u00e1n en sus manos la transformaci\u00f3n de un mundo m\u00e1s humano a partir de la tecnolog\u00eda, aunque esto \u00faltimo suene parad\u00f3jico.<\/span><\/p>\n<p class=\"p1\"><span class=\"s1\">Desde luego no todo es miel sobre hojuelas y de que hay nuevos retos, los hay, el cambio clim\u00e1tico, la sobreexplotaci\u00f3n de recursos naturales, la migraci\u00f3n a grandes centros urbanos, son temas urgentes a solucionar para esta generaci\u00f3n, por que adem\u00e1s se han ido agravando en los \u00faltimos a\u00f1os. Y no s\u00f3lo eso, tambi\u00e9n queda pendiente el tema de c\u00f3mo \u00e9sta generaci\u00f3n afrontar\u00e1 el envejecimiento de la poblaci\u00f3n al no contar con sistemas eficaces para el retiro y la jubilaci\u00f3n, lo que no es poca cosa ya que la familia tradicional est\u00e1 apuntando a otras formas de agrupaci\u00f3n interpersonal, quiz\u00e1 la mejor forma de afrontar el vejez de los hoy j\u00f3venes, tendr\u00e1 que ser en la colectividad, posiblemente veremos en un futuro y de manera frecuente grupos de ancianos trabajando y conviviendo en espacios propios y p\u00fablicos.<\/span><\/p>\n<p class=\"p1\"><span class=\"s1\">Y lo anterior va de la mano con otro gran reto: la salud p\u00fablica, que al no contar con sistemas de seguridad social suficientemente amplios, posiblemente muchos se decantar\u00e1n por soluciones m\u00e1s asequibles como la medicina alternativa, ya que el panaceico transhumanismo de momento no parece ser una alternativa sanitaria a mediano plazo y al alcance de todos. Lo que si es real es el avance tecnol\u00f3gico en la implementaci\u00f3n de diagn\u00f3sticos mejor focalizados, y por ende tratamientos m\u00e1s eficaces, es un hecho consumado, que a pesar de todo, la esperanza de vida de la poblaci\u00f3n se vislulmbra que se extender\u00e1 a\u00fan m\u00e1s.<\/span><\/p>\n<p class=\"p1\"><span class=\"s1\">Y quedan desde luego los problemas comunes a la historia del hombre desde hace miles de a\u00f1os: guerras, hambrunas, fundamentalismos, injusticia, mala distribuci\u00f3n de la riqueza, etc. Pero qu\u00e9 creen queridos amigos, el mundo no empez\u00f3 en 1980, efectivamente no es algo exclusivo de a esta \u00e9poca, la historia desde tiempos remotos da cuenta de esos problemas en diferentes regiones del planeta. Pero acaso con todas estas herramientas, con todos los cambios que se est\u00e1n suscitando y est\u00e1n por ocurrir, \u00bfno es una buena oportunidad para acabar o de menos aminorar estos problemas comunes, los cuales ya parecen inherentes a la humanidad?. Creo firmemente en que esta generaci\u00f3n tiene la creatividad y la habilidad necesaria, s\u00f3lo es cuesti\u00f3n de voluntad, pensamiento cr\u00edtico y mucho mucho trabajo. Nadie dijo que fuera f\u00e1cil el asunto, pero nada ha sido f\u00e1cil y menos si de entrada nulificamos y nos compadecemos de una generaci\u00f3n que a pesar de todo tiene muchas ventajas sobre las generaciones que les antecedieron, as\u00ed que queridos Millenials el mundo est\u00e1 en sus manos, y hoy m\u00e1s que nunca si hay oportunidad de cambiarlo.<\/span><\/p>","protected":false},"excerpt":{"rendered":"<p>Una de las quejas y preocupaciones recurrentes habla de que los millenials tienen salarios m\u00e1s bajos, nulas prestaciones, sociales, pocas posibilidades de estabilidad laboral, lo cual indudablemente es cierto, pero sucede que muchas de estas aseveraciones se sustentan en necesidades y mediciones del siglo pasado, de otros modelos econ\u00f3micos, donde la calidad de vida se [&hellip;]<\/p>\n","protected":false},"author":1,"featured_media":0,"comment_status":"closed","ping_status":"open","sticky":false,"template":"","format":"standard","meta":[],"categories":[44,43],"tags":[],"yoast_head":"<!-- This site is optimized with the Yoast SEO plugin v17.0 - https:\/\/yoast.com\/wordpress\/plugins\/seo\/ -->\n<meta name=\"robots\" content=\"index, follow, max-snippet:-1, max-image-preview:large, max-video-preview:-1\" \/>\n<link rel=\"canonical\" href=\"https:\/\/boladepapel.org\/sitio\/por-que-no-debemos-tener-lastima-de-los-millenials\/\" \/>\n<meta property=\"og:locale\" content=\"es_ES\" \/>\n<meta property=\"og:type\" content=\"article\" \/>\n<meta property=\"og:title\" content=\"Por qu\u00e9 no debemos tener l\u00e1stima de los Millenials. - Bola de Papel\" \/>\n<meta property=\"og:description\" content=\"Una de las quejas y preocupaciones recurrentes habla de que los millenials tienen salarios m\u00e1s bajos, nulas prestaciones, sociales, pocas posibilidades de estabilidad laboral, lo cual indudablemente es cierto, pero sucede que muchas de estas aseveraciones se sustentan en necesidades y mediciones del siglo pasado, de otros modelos econ\u00f3micos, donde la calidad de vida se [&hellip;]\" \/>\n<meta property=\"og:url\" content=\"https:\/\/boladepapel.org\/sitio\/por-que-no-debemos-tener-lastima-de-los-millenials\/\" \/>\n<meta property=\"og:site_name\" content=\"Bola de Papel\" \/>\n<meta property=\"article:published_time\" content=\"2016-08-09T01:56:44+00:00\" \/>\n<meta property=\"article:modified_time\" content=\"2022-08-28T04:59:16+00:00\" \/>\n<meta name=\"twitter:card\" content=\"summary_large_image\" \/>\n<meta name=\"twitter:label1\" content=\"Escrito por\" \/>\n\t<meta name=\"twitter:data1\" content=\"Ehekatl Hern\u00e1ndez\" \/>\n\t<meta name=\"twitter:label2\" content=\"Tiempo de lectura\" \/>\n\t<meta name=\"twitter:data2\" content=\"6 minutos\" \/>\n<script type=\"application\/ld+json\" class=\"yoast-schema-graph\">{\"@context\":\"https:\/\/schema.org\",\"@graph\":[{\"@type\":\"WebSite\",\"@id\":\"https:\/\/boladepapel.org\/sitio\/#website\",\"url\":\"https:\/\/boladepapel.org\/sitio\/\",\"name\":\"Bola de Papel\",\"description\":\"Editorial independiente. M\\u00e9xico. Novela, Poes\\u00eda y Distribuci\\u00f3n\",\"potentialAction\":[{\"@type\":\"SearchAction\",\"target\":{\"@type\":\"EntryPoint\",\"urlTemplate\":\"https:\/\/boladepapel.org\/sitio\/?s={search_term_string}\"},\"query-input\":\"required name=search_term_string\"}],\"inLanguage\":\"es\"},{\"@type\":\"WebPage\",\"@id\":\"https:\/\/boladepapel.org\/sitio\/por-que-no-debemos-tener-lastima-de-los-millenials\/#webpage\",\"url\":\"https:\/\/boladepapel.org\/sitio\/por-que-no-debemos-tener-lastima-de-los-millenials\/\",\"name\":\"Por qu\\u00e9 no debemos tener l\\u00e1stima de los Millenials. - Bola de Papel\",\"isPartOf\":{\"@id\":\"https:\/\/boladepapel.org\/sitio\/#website\"},\"datePublished\":\"2016-08-09T01:56:44+00:00\",\"dateModified\":\"2022-08-28T04:59:16+00:00\",\"author\":{\"@id\":\"https:\/\/boladepapel.org\/sitio\/#\/schema\/person\/de0cc5e0ddd3424911e21f2009e3087a\"},\"breadcrumb\":{\"@id\":\"https:\/\/boladepapel.org\/sitio\/por-que-no-debemos-tener-lastima-de-los-millenials\/#breadcrumb\"},\"inLanguage\":\"es\",\"potentialAction\":[{\"@type\":\"ReadAction\",\"target\":[\"https:\/\/boladepapel.org\/sitio\/por-que-no-debemos-tener-lastima-de-los-millenials\/\"]}]},{\"@type\":\"BreadcrumbList\",\"@id\":\"https:\/\/boladepapel.org\/sitio\/por-que-no-debemos-tener-lastima-de-los-millenials\/#breadcrumb\",\"itemListElement\":[{\"@type\":\"ListItem\",\"position\":1,\"name\":\"Inicio\",\"item\":\"http:\/\/boladepapel.org\/sitio\/\"},{\"@type\":\"ListItem\",\"position\":2,\"name\":\"Por qu\\u00e9 no debemos tener l\\u00e1stima de los Millenials.\"}]},{\"@type\":\"Person\",\"@id\":\"https:\/\/boladepapel.org\/sitio\/#\/schema\/person\/de0cc5e0ddd3424911e21f2009e3087a\",\"name\":\"Ehekatl Hern\\u00e1ndez\",\"image\":{\"@type\":\"ImageObject\",\"@id\":\"https:\/\/boladepapel.org\/sitio\/#personlogo\",\"inLanguage\":\"es\",\"url\":\"https:\/\/secure.gravatar.com\/avatar\/125a343f10a6b968c7a756ee40ea4599?s=96&d=mm&r=g\",\"contentUrl\":\"https:\/\/secure.gravatar.com\/avatar\/125a343f10a6b968c7a756ee40ea4599?s=96&d=mm&r=g\",\"caption\":\"Ehekatl Hern\\u00e1ndez\"},\"description\":\"Ehekatl Hern\\u00e1ndez. Dise\\u00f1a, edita y a veces escribe. Twitter| Instagram.\",\"url\":\"https:\/\/boladepapel.org\/sitio\/author\/labola\/\"}]}<\/script>\n<!-- \/ Yoast SEO plugin. -->","yoast_head_json":{"robots":{"index":"index","follow":"follow","max-snippet":"max-snippet:-1","max-image-preview":"max-image-preview:large","max-video-preview":"max-video-preview:-1"},"canonical":"https:\/\/boladepapel.org\/sitio\/por-que-no-debemos-tener-lastima-de-los-millenials\/","og_locale":"es_ES","og_type":"article","og_title":"Por qu\u00e9 no debemos tener l\u00e1stima de los Millenials. - Bola de Papel","og_description":"Una de las quejas y preocupaciones recurrentes habla de que los millenials tienen salarios m\u00e1s bajos, nulas prestaciones, sociales, pocas posibilidades de estabilidad laboral, lo cual indudablemente es cierto, pero sucede que muchas de estas aseveraciones se sustentan en necesidades y mediciones del siglo pasado, de otros modelos econ\u00f3micos, donde la calidad de vida se [&hellip;]","og_url":"https:\/\/boladepapel.org\/sitio\/por-que-no-debemos-tener-lastima-de-los-millenials\/","og_site_name":"Bola de Papel","article_published_time":"2016-08-09T01:56:44+00:00","article_modified_time":"2022-08-28T04:59:16+00:00","twitter_card":"summary_large_image","twitter_misc":{"Escrito por":"Ehekatl Hern\u00e1ndez","Tiempo de lectura":"6 minutos"},"schema":{"@context":"https:\/\/schema.org","@graph":[{"@type":"WebSite","@id":"https:\/\/boladepapel.org\/sitio\/#website","url":"https:\/\/boladepapel.org\/sitio\/","name":"Bola de Papel","description":"Editorial independiente. M\u00e9xico. Novela, Poes\u00eda y Distribuci\u00f3n","potentialAction":[{"@type":"SearchAction","target":{"@type":"EntryPoint","urlTemplate":"https:\/\/boladepapel.org\/sitio\/?s={search_term_string}"},"query-input":"required name=search_term_string"}],"inLanguage":"es"},{"@type":"WebPage","@id":"https:\/\/boladepapel.org\/sitio\/por-que-no-debemos-tener-lastima-de-los-millenials\/#webpage","url":"https:\/\/boladepapel.org\/sitio\/por-que-no-debemos-tener-lastima-de-los-millenials\/","name":"Por qu\u00e9 no debemos tener l\u00e1stima de los Millenials. - Bola de Papel","isPartOf":{"@id":"https:\/\/boladepapel.org\/sitio\/#website"},"datePublished":"2016-08-09T01:56:44+00:00","dateModified":"2022-08-28T04:59:16+00:00","author":{"@id":"https:\/\/boladepapel.org\/sitio\/#\/schema\/person\/de0cc5e0ddd3424911e21f2009e3087a"},"breadcrumb":{"@id":"https:\/\/boladepapel.org\/sitio\/por-que-no-debemos-tener-lastima-de-los-millenials\/#breadcrumb"},"inLanguage":"es","potentialAction":[{"@type":"ReadAction","target":["https:\/\/boladepapel.org\/sitio\/por-que-no-debemos-tener-lastima-de-los-millenials\/"]}]},{"@type":"BreadcrumbList","@id":"https:\/\/boladepapel.org\/sitio\/por-que-no-debemos-tener-lastima-de-los-millenials\/#breadcrumb","itemListElement":[{"@type":"ListItem","position":1,"name":"Inicio","item":"http:\/\/boladepapel.org\/sitio\/"},{"@type":"ListItem","position":2,"name":"Por qu\u00e9 no debemos tener l\u00e1stima de los Millenials."}]},{"@type":"Person","@id":"https:\/\/boladepapel.org\/sitio\/#\/schema\/person\/de0cc5e0ddd3424911e21f2009e3087a","name":"Ehekatl Hern\u00e1ndez","image":{"@type":"ImageObject","@id":"https:\/\/boladepapel.org\/sitio\/#personlogo","inLanguage":"es","url":"https:\/\/secure.gravatar.com\/avatar\/125a343f10a6b968c7a756ee40ea4599?s=96&d=mm&r=g","contentUrl":"https:\/\/secure.gravatar.com\/avatar\/125a343f10a6b968c7a756ee40ea4599?s=96&d=mm&r=g","caption":"Ehekatl Hern\u00e1ndez"},"description":"Ehekatl Hern\u00e1ndez. Dise\u00f1a, edita y a veces escribe. Twitter| Instagram.","url":"https:\/\/boladepapel.org\/sitio\/author\/labola\/"}]}},"_links":{"self":[{"href":"https:\/\/boladepapel.org\/sitio\/wp-json\/wp\/v2\/posts\/140"}],"collection":[{"href":"https:\/\/boladepapel.org\/sitio\/wp-json\/wp\/v2\/posts"}],"about":[{"href":"https:\/\/boladepapel.org\/sitio\/wp-json\/wp\/v2\/types\/post"}],"author":[{"embeddable":true,"href":"https:\/\/boladepapel.org\/sitio\/wp-json\/wp\/v2\/users\/1"}],"replies":[{"embeddable":true,"href":"https:\/\/boladepapel.org\/sitio\/wp-json\/wp\/v2\/comments?post=140"}],"version-history":[{"count":1,"href":"https:\/\/boladepapel.org\/sitio\/wp-json\/wp\/v2\/posts\/140\/revisions"}],"predecessor-version":[{"id":141,"href":"https:\/\/boladepapel.org\/sitio\/wp-json\/wp\/v2\/posts\/140\/revisions\/141"}],"wp:attachment":[{"href":"https:\/\/boladepapel.org\/sitio\/wp-json\/wp\/v2\/media?parent=140"}],"wp:term":[{"taxonomy":"category","embeddable":true,"href":"https:\/\/boladepapel.org\/sitio\/wp-json\/wp\/v2\/categories?post=140"},{"taxonomy":"post_tag","embeddable":true,"href":"https:\/\/boladepapel.org\/sitio\/wp-json\/wp\/v2\/tags?post=140"}],"curies":[{"name":"wp","href":"https:\/\/api.w.org\/{rel}","templated":true}]}}