{"id":376,"date":"2018-11-05T16:42:24","date_gmt":"2018-11-05T22:42:24","guid":{"rendered":"http:\/\/boladepapel.org\/sitio\/?p=376"},"modified":"2025-06-24T00:27:57","modified_gmt":"2025-06-24T06:27:57","slug":"antologia-de-cuento-breve-luz-y-sombra","status":"publish","type":"post","link":"http:\/\/boladepapel.org\/sitio\/antologia-de-cuento-breve-luz-y-sombra\/","title":{"rendered":"Antolog\u00eda Luz y Sombra"},"content":{"rendered":"<p><img loading=\"lazy\" class=\"alignnone size-full wp-image-163\" src=\"http:\/\/boladepapel.org\/sitio\/wp-content\/uploads\/antologia-libro-web.png\" alt=\"Antolog\u00eda de cuento breve Luz y Sombra\" width=\"1280\" height=\"677\" \/><\/p>\n<h3 class=\"uk-h1\" style=\"font-family: 'Open Sans Condensed';\"><span style=\"font-weight: bold;\">LUZ Y SOMBRA<\/span> | Antolog\u00eda de cuento breve<\/h3>\n<div class=\"page\" title=\"No siempre va a llover de Karlos Equis\">\n<div class=\"layoutArea\">\n<div class=\"uk-column-medium-1-2\">\n<div class=\"page\" title=\"Page 1\">\n<div class=\"section\">\n<div class=\"layoutArea\">\n<div class=\"column\">\n<p>Primera antologi\u0301a de cuento breve de Editorial Bola de Papel. Una seleccio\u0301n de autores ine\u0301ditos de Me\u0301xico, Colombia y Espan\u0303a, que llevan sus relatos por terrenos de la ficcio\u0301n, el terror, el humor negro e incluso narrativas cercanas a la cro\u0301nica; donde el miedo, la otredad, la demencia y la enfermedad del alma son la constante en un imaginario i\u0301ntimo, que como en un trayecto por tu\u0301neles y claros, nos llevan por el sinuoso camino de la condicio\u0301n humana, de la ma\u0301s radiante espiritualidad a los ma\u0301s oscuros instintos expuestos en diversas formas y ritmos narrativos dentro de una coleccio\u0301n de catorce relatos, donde lo lumi\u0301nico y lo sombri\u0301o se desplazan mutuamente para fundirse en un todo.<\/p>\n<\/div>\n<\/div>\n<\/div>\n<\/div>\n<\/div>\n<\/div>\n<\/div>\n<p><a class=\"uk-button uk-button-link\" style=\"background: #c2ac8d; color: #fff;\" href=\"https:\/\/boladepapel.mitiendanube.com\/productos\/antologia-cuento-luz-y-sombra-varios-autores\/\" target=\"_blank\" rel=\"noopener\"><strong>Comprar<\/strong><\/a><\/p>\n\n\n<p><\/p>\n","protected":false},"excerpt":{"rendered":"<p>LUZ Y SOMBRA | Antolog\u00eda de cuento breve Primera antologi\u0301a de cuento breve de Editorial Bola de Papel. Una seleccio\u0301n de autores ine\u0301ditos de Me\u0301xico, Colombia y Espan\u0303a, que llevan sus relatos por terrenos de la ficcio\u0301n, el terror, el humor negro e incluso narrativas cercanas a la cro\u0301nica; donde el miedo, la otredad, la [&hellip;]<\/p>\n","protected":false},"author":1,"featured_media":0,"comment_status":"closed","ping_status":"open","sticky":false,"template":"","format":"standard","meta":[],"categories":[40],"tags":[49,47,48],"yoast_head":"<!-- This site is optimized with the Yoast SEO plugin v17.0 - https:\/\/yoast.com\/wordpress\/plugins\/seo\/ -->\n<meta name=\"description\" content=\"Primera antologi\u0301a de cuento corto de Editorial Bola de Papel. Una seleccio\u0301n de autores ine\u0301ditos de Me\u0301xico, Colombia y Espan\u0303a, que llevan sus relatos por terrenos de la ficcio\u0301n, el terror, el humor negro e incluso narrativas cercanas a la cro\u0301nica.\" \/>\n<meta name=\"robots\" content=\"index, follow, max-snippet:-1, max-image-preview:large, max-video-preview:-1\" \/>\n<link rel=\"canonical\" href=\"http:\/\/boladepapel.org\/sitio\/antologia-de-cuento-breve-luz-y-sombra\/\" \/>\n<meta property=\"og:locale\" content=\"es_ES\" \/>\n<meta property=\"og:type\" content=\"article\" \/>\n<meta property=\"og:title\" content=\"Antolog\u00eda Luz y Sombra - Editorial Bola de Papel - Narrativa Antolog\u00eda de cuento\" \/>\n<meta property=\"og:description\" content=\"Primera antologi\u0301a de cuento corto de Editorial Bola de Papel. Una seleccio\u0301n de autores ine\u0301ditos de Me\u0301xico, Colombia y Espan\u0303a, que llevan sus relatos por terrenos de la ficcio\u0301n, el terror, el humor negro e incluso narrativas cercanas a la cro\u0301nica.\" \/>\n<meta property=\"og:url\" content=\"http:\/\/boladepapel.org\/sitio\/antologia-de-cuento-breve-luz-y-sombra\/\" \/>\n<meta property=\"og:site_name\" content=\"Bola de Papel\" \/>\n<meta property=\"article:published_time\" content=\"2018-11-05T22:42:24+00:00\" \/>\n<meta property=\"article:modified_time\" content=\"2025-06-24T06:27:57+00:00\" \/>\n<meta property=\"og:image\" content=\"http:\/\/boladepapel.org\/sitio\/wp-content\/uploads\/antologia-libro-web.png\" \/>\n<meta name=\"twitter:card\" content=\"summary_large_image\" \/>\n<meta name=\"twitter:label1\" content=\"Escrito por\" \/>\n\t<meta name=\"twitter:data1\" content=\"Ehekatl Hern\u00e1ndez\" \/>\n\t<meta name=\"twitter:label2\" content=\"Tiempo de lectura\" \/>\n\t<meta name=\"twitter:data2\" content=\"1 minuto\" \/>\n<script type=\"application\/ld+json\" class=\"yoast-schema-graph\">{\"@context\":\"https:\/\/schema.org\",\"@graph\":[{\"@type\":\"WebSite\",\"@id\":\"https:\/\/boladepapel.org\/sitio\/#website\",\"url\":\"https:\/\/boladepapel.org\/sitio\/\",\"name\":\"Bola de Papel\",\"description\":\"Editorial independiente. M\\u00e9xico. Novela, Poes\\u00eda y Distribuci\\u00f3n\",\"potentialAction\":[{\"@type\":\"SearchAction\",\"target\":{\"@type\":\"EntryPoint\",\"urlTemplate\":\"https:\/\/boladepapel.org\/sitio\/?s={search_term_string}\"},\"query-input\":\"required name=search_term_string\"}],\"inLanguage\":\"es\"},{\"@type\":\"ImageObject\",\"@id\":\"http:\/\/boladepapel.org\/sitio\/antologia-de-cuento-breve-luz-y-sombra\/#primaryimage\",\"inLanguage\":\"es\",\"url\":\"http:\/\/boladepapel.org\/sitio\/wp-content\/uploads\/antologia-libro-web.png\",\"contentUrl\":\"http:\/\/boladepapel.org\/sitio\/wp-content\/uploads\/antologia-libro-web.png\",\"width\":1280,\"height\":677,\"caption\":\"Antolog\\u00eda de cuento breve Luz y Sombra\"},{\"@type\":\"WebPage\",\"@id\":\"http:\/\/boladepapel.org\/sitio\/antologia-de-cuento-breve-luz-y-sombra\/#webpage\",\"url\":\"http:\/\/boladepapel.org\/sitio\/antologia-de-cuento-breve-luz-y-sombra\/\",\"name\":\"Antolog\\u00eda Luz y Sombra - Editorial Bola de Papel - Narrativa Antolog\\u00eda de cuento\",\"isPartOf\":{\"@id\":\"https:\/\/boladepapel.org\/sitio\/#website\"},\"primaryImageOfPage\":{\"@id\":\"http:\/\/boladepapel.org\/sitio\/antologia-de-cuento-breve-luz-y-sombra\/#primaryimage\"},\"datePublished\":\"2018-11-05T22:42:24+00:00\",\"dateModified\":\"2025-06-24T06:27:57+00:00\",\"author\":{\"@id\":\"https:\/\/boladepapel.org\/sitio\/#\/schema\/person\/de0cc5e0ddd3424911e21f2009e3087a\"},\"description\":\"Primera antologi\\u0301a de cuento corto de Editorial Bola de Papel. Una seleccio\\u0301n de autores ine\\u0301ditos de Me\\u0301xico, Colombia y Espan\\u0303a, que llevan sus relatos por terrenos de la ficcio\\u0301n, el terror, el humor negro e incluso narrativas cercanas a la cro\\u0301nica.\",\"breadcrumb\":{\"@id\":\"http:\/\/boladepapel.org\/sitio\/antologia-de-cuento-breve-luz-y-sombra\/#breadcrumb\"},\"inLanguage\":\"es\",\"potentialAction\":[{\"@type\":\"ReadAction\",\"target\":[\"http:\/\/boladepapel.org\/sitio\/antologia-de-cuento-breve-luz-y-sombra\/\"]}]},{\"@type\":\"BreadcrumbList\",\"@id\":\"http:\/\/boladepapel.org\/sitio\/antologia-de-cuento-breve-luz-y-sombra\/#breadcrumb\",\"itemListElement\":[{\"@type\":\"ListItem\",\"position\":1,\"name\":\"Inicio\",\"item\":\"http:\/\/boladepapel.org\/sitio\/\"},{\"@type\":\"ListItem\",\"position\":2,\"name\":\"Antolog\\u00eda Luz y Sombra\"}]},{\"@type\":\"Person\",\"@id\":\"https:\/\/boladepapel.org\/sitio\/#\/schema\/person\/de0cc5e0ddd3424911e21f2009e3087a\",\"name\":\"Ehekatl Hern\\u00e1ndez\",\"image\":{\"@type\":\"ImageObject\",\"@id\":\"https:\/\/boladepapel.org\/sitio\/#personlogo\",\"inLanguage\":\"es\",\"url\":\"http:\/\/1.gravatar.com\/avatar\/125a343f10a6b968c7a756ee40ea4599?s=96&d=mm&r=g\",\"contentUrl\":\"http:\/\/1.gravatar.com\/avatar\/125a343f10a6b968c7a756ee40ea4599?s=96&d=mm&r=g\",\"caption\":\"Ehekatl Hern\\u00e1ndez\"},\"description\":\"Ehekatl Hern\\u00e1ndez. Dise\\u00f1a, edita y a veces escribe. Twitter| Instagram.\",\"url\":\"http:\/\/boladepapel.org\/sitio\/author\/labola\/\"}]}<\/script>\n<!-- \/ Yoast SEO plugin. -->","yoast_head_json":{"description":"Primera antologi\u0301a de cuento corto de Editorial Bola de Papel. Una seleccio\u0301n de autores ine\u0301ditos de Me\u0301xico, Colombia y Espan\u0303a, que llevan sus relatos por terrenos de la ficcio\u0301n, el terror, el humor negro e incluso narrativas cercanas a la cro\u0301nica.","robots":{"index":"index","follow":"follow","max-snippet":"max-snippet:-1","max-image-preview":"max-image-preview:large","max-video-preview":"max-video-preview:-1"},"canonical":"http:\/\/boladepapel.org\/sitio\/antologia-de-cuento-breve-luz-y-sombra\/","og_locale":"es_ES","og_type":"article","og_title":"Antolog\u00eda Luz y Sombra - Editorial Bola de Papel - Narrativa Antolog\u00eda de cuento","og_description":"Primera antologi\u0301a de cuento corto de Editorial Bola de Papel. Una seleccio\u0301n de autores ine\u0301ditos de Me\u0301xico, Colombia y Espan\u0303a, que llevan sus relatos por terrenos de la ficcio\u0301n, el terror, el humor negro e incluso narrativas cercanas a la cro\u0301nica.","og_url":"http:\/\/boladepapel.org\/sitio\/antologia-de-cuento-breve-luz-y-sombra\/","og_site_name":"Bola de Papel","article_published_time":"2018-11-05T22:42:24+00:00","article_modified_time":"2025-06-24T06:27:57+00:00","og_image":[{"url":"http:\/\/boladepapel.org\/sitio\/wp-content\/uploads\/antologia-libro-web.png"}],"twitter_card":"summary_large_image","twitter_misc":{"Escrito por":"Ehekatl Hern\u00e1ndez","Tiempo de lectura":"1 minuto"},"schema":{"@context":"https:\/\/schema.org","@graph":[{"@type":"WebSite","@id":"https:\/\/boladepapel.org\/sitio\/#website","url":"https:\/\/boladepapel.org\/sitio\/","name":"Bola de Papel","description":"Editorial independiente. M\u00e9xico. Novela, Poes\u00eda y Distribuci\u00f3n","potentialAction":[{"@type":"SearchAction","target":{"@type":"EntryPoint","urlTemplate":"https:\/\/boladepapel.org\/sitio\/?s={search_term_string}"},"query-input":"required name=search_term_string"}],"inLanguage":"es"},{"@type":"ImageObject","@id":"http:\/\/boladepapel.org\/sitio\/antologia-de-cuento-breve-luz-y-sombra\/#primaryimage","inLanguage":"es","url":"http:\/\/boladepapel.org\/sitio\/wp-content\/uploads\/antologia-libro-web.png","contentUrl":"http:\/\/boladepapel.org\/sitio\/wp-content\/uploads\/antologia-libro-web.png","width":1280,"height":677,"caption":"Antolog\u00eda de cuento breve Luz y Sombra"},{"@type":"WebPage","@id":"http:\/\/boladepapel.org\/sitio\/antologia-de-cuento-breve-luz-y-sombra\/#webpage","url":"http:\/\/boladepapel.org\/sitio\/antologia-de-cuento-breve-luz-y-sombra\/","name":"Antolog\u00eda Luz y Sombra - Editorial Bola de Papel - Narrativa Antolog\u00eda de cuento","isPartOf":{"@id":"https:\/\/boladepapel.org\/sitio\/#website"},"primaryImageOfPage":{"@id":"http:\/\/boladepapel.org\/sitio\/antologia-de-cuento-breve-luz-y-sombra\/#primaryimage"},"datePublished":"2018-11-05T22:42:24+00:00","dateModified":"2025-06-24T06:27:57+00:00","author":{"@id":"https:\/\/boladepapel.org\/sitio\/#\/schema\/person\/de0cc5e0ddd3424911e21f2009e3087a"},"description":"Primera antologi\u0301a de cuento corto de Editorial Bola de Papel. Una seleccio\u0301n de autores ine\u0301ditos de Me\u0301xico, Colombia y Espan\u0303a, que llevan sus relatos por terrenos de la ficcio\u0301n, el terror, el humor negro e incluso narrativas cercanas a la cro\u0301nica.","breadcrumb":{"@id":"http:\/\/boladepapel.org\/sitio\/antologia-de-cuento-breve-luz-y-sombra\/#breadcrumb"},"inLanguage":"es","potentialAction":[{"@type":"ReadAction","target":["http:\/\/boladepapel.org\/sitio\/antologia-de-cuento-breve-luz-y-sombra\/"]}]},{"@type":"BreadcrumbList","@id":"http:\/\/boladepapel.org\/sitio\/antologia-de-cuento-breve-luz-y-sombra\/#breadcrumb","itemListElement":[{"@type":"ListItem","position":1,"name":"Inicio","item":"http:\/\/boladepapel.org\/sitio\/"},{"@type":"ListItem","position":2,"name":"Antolog\u00eda Luz y Sombra"}]},{"@type":"Person","@id":"https:\/\/boladepapel.org\/sitio\/#\/schema\/person\/de0cc5e0ddd3424911e21f2009e3087a","name":"Ehekatl Hern\u00e1ndez","image":{"@type":"ImageObject","@id":"https:\/\/boladepapel.org\/sitio\/#personlogo","inLanguage":"es","url":"http:\/\/1.gravatar.com\/avatar\/125a343f10a6b968c7a756ee40ea4599?s=96&d=mm&r=g","contentUrl":"http:\/\/1.gravatar.com\/avatar\/125a343f10a6b968c7a756ee40ea4599?s=96&d=mm&r=g","caption":"Ehekatl Hern\u00e1ndez"},"description":"Ehekatl Hern\u00e1ndez. Dise\u00f1a, edita y a veces escribe. Twitter| Instagram.","url":"http:\/\/boladepapel.org\/sitio\/author\/labola\/"}]}},"_links":{"self":[{"href":"http:\/\/boladepapel.org\/sitio\/wp-json\/wp\/v2\/posts\/376"}],"collection":[{"href":"http:\/\/boladepapel.org\/sitio\/wp-json\/wp\/v2\/posts"}],"about":[{"href":"http:\/\/boladepapel.org\/sitio\/wp-json\/wp\/v2\/types\/post"}],"author":[{"embeddable":true,"href":"http:\/\/boladepapel.org\/sitio\/wp-json\/wp\/v2\/users\/1"}],"replies":[{"embeddable":true,"href":"http:\/\/boladepapel.org\/sitio\/wp-json\/wp\/v2\/comments?post=376"}],"version-history":[{"count":12,"href":"http:\/\/boladepapel.org\/sitio\/wp-json\/wp\/v2\/posts\/376\/revisions"}],"predecessor-version":[{"id":648,"href":"http:\/\/boladepapel.org\/sitio\/wp-json\/wp\/v2\/posts\/376\/revisions\/648"}],"wp:attachment":[{"href":"http:\/\/boladepapel.org\/sitio\/wp-json\/wp\/v2\/media?parent=376"}],"wp:term":[{"taxonomy":"category","embeddable":true,"href":"http:\/\/boladepapel.org\/sitio\/wp-json\/wp\/v2\/categories?post=376"},{"taxonomy":"post_tag","embeddable":true,"href":"http:\/\/boladepapel.org\/sitio\/wp-json\/wp\/v2\/tags?post=376"}],"curies":[{"name":"wp","href":"https:\/\/api.w.org\/{rel}","templated":true}]}}