{"id":236,"date":"2017-09-09T00:58:16","date_gmt":"2017-09-09T06:58:16","guid":{"rendered":"http:\/\/boladepapel.org\/sitio\/?p=236"},"modified":"2025-06-24T00:28:47","modified_gmt":"2025-06-24T06:28:47","slug":"poesia-mejor-arder-mauricio-alvarez","status":"publish","type":"post","link":"http:\/\/boladepapel.org\/sitio\/poesia-mejor-arder-mauricio-alvarez\/","title":{"rendered":"Mejor arder de Mauricio \u00c1lvarez"},"content":{"rendered":"<img loading=\"lazy\" class=\"alignnone size-full wp-image-161\" src=\"http:\/\/boladepapel.org\/sitio\/wp-content\/uploads\/mejor-arder-libro-web.jpg\" alt=\"Mejor Arder de Mauricio \u00c1lvarez\" width=\"1280\" height=\"677\" \/>\n<h3 class=\"uk-h1\" style=\"font-family: 'Open Sans Condensed';\"><span style=\"font-weight: bold;\">MEJOR ARDER<\/span> | Mauricio \u00c1lvarez<\/h3>\n<div class=\"page\" title=\"Mejor Arder de Maurico \u00c1lvarez\">\n<div class=\"layoutArea\">\n<div class=\"uk-column-medium-1-2\">\n\n<strong>Mejor arder<\/strong> es un libro de verano que se escribe en invierno; en el que el amor entre hombres, entre libros, entre palabras se da en espacios acotados, entre pare\u0301ntesis, a los que se pretende ordenar bajo un orden cardinal, que numera cada uno de esos textos entre pare\u0301ntesis; aunque como ha dicho el mismo Corta\u0301zar: \u201c\u00a1Paciencia, joven! Para salir de tanto algodo\u0301n manchado\u201d. El orden numeral como otra forma del caos: como otra posible disidencia: algodones que se manchan. Este es un libro que disiente ante el amor roma\u0301ntico, ante el amor hetero, ante el amor jera\u0301rquico y ahi\u0301 es donde comienza el disentimiento frente a las formas convencionales del poema; pues aunque aparentemente se queda en la parte izquierda de la pa\u0301gina sin desperdigarse demasiado y conserva un ritmo, una cadencia de confesio\u0301n y encantamiento con las palabras: la apuesta por el juego esta\u0301 en el detalle.\n\nSignificar un juego dentro y fuera del pare\u0301ntesis: dentro la confesio\u0301n, lo que tendri\u0301a que decirse, el casi susurro para narrar, ensayar, argumentar una relacio\u0301n: afuera blanco absoluto, la nada, la cotidianidad, las situaciones que so\u0301lo se esbozan: dentro, una fecha, los nombres, las palabras ajenas, el soundtrack.\n\nAdentro las razones para arder, las estaciones del an\u0303o, el deseo, las promesas, las palabras que no debieron decirse, las que si\u0301, las que se dijeron y las que no: todo el cu\u0301mulo, la pila de razones por las cuales mejor arder, que se expanden por estas pa\u0301ginas en las se suceden una serie de afectos y artefactos escriturales que nos ponen en condicio\u0301n de testigos de la pira, de la liberacio\u0301n por fuego a la que sera\u0301 arrojada esta primera <strong>Bola de papel<\/strong> ardiente.\n<p style=\"text-align: right;\"><em>Maricela Guerrero<\/em><\/p>\n\n<\/div>\n<\/div>\n<\/div>\n<a class=\"uk-button uk-button-link\" style=\"background: #c2ac8d; color: #fff;\" href=\"https:\/\/boladepapel.mitiendanube.com\/productos\/mejor-arder-mauricio-alvarez\/\" target=\"_blank\" rel=\"noopener\"><strong>Comprar<\/strong><\/a>","protected":false},"excerpt":{"rendered":"<p>MEJOR ARDER | Mauricio \u00c1lvarez Mejor arder es un libro de verano que se escribe en invierno; en el que el amor entre hombres, entre libros, entre palabras se da en espacios acotados, entre pare\u0301ntesis, a los que se pretende ordenar bajo un orden cardinal, que numera cada uno de esos textos entre pare\u0301ntesis; aunque [&hellip;]<\/p>\n","protected":false},"author":1,"featured_media":0,"comment_status":"closed","ping_status":"open","sticky":false,"template":"","format":"standard","meta":[],"categories":[41],"tags":[54,55],"yoast_head":"<!-- This site is optimized with the Yoast SEO plugin v17.0 - https:\/\/yoast.com\/wordpress\/plugins\/seo\/ -->\n<meta name=\"description\" content=\"Mejor arder es un libro de verano que se escribe en invierno; en el que el amor entre hombres, entre libros, entre palabras se da en espacios acotados, entre pare\u0301ntesis, a los que se pretende ordenar bajo un orden cardinal, que numera cada uno de esos textos entre pare\u0301ntesis y poes\u00eda.\" \/>\n<meta name=\"robots\" content=\"index, follow, max-snippet:-1, max-image-preview:large, max-video-preview:-1\" \/>\n<link rel=\"canonical\" href=\"http:\/\/boladepapel.org\/sitio\/poesia-mejor-arder-mauricio-alvarez\/\" \/>\n<meta property=\"og:locale\" content=\"es_ES\" \/>\n<meta property=\"og:type\" content=\"article\" \/>\n<meta property=\"og:title\" content=\"Mejor arder de Mauricio \u00c1lvarez Editorial Bola de Papel - Poemario\" \/>\n<meta property=\"og:description\" content=\"Mejor arder es un libro de verano que se escribe en invierno; en el que el amor entre hombres, entre libros, entre palabras se da en espacios acotados, entre pare\u0301ntesis, a los que se pretende ordenar bajo un orden cardinal, que numera cada uno de esos textos entre pare\u0301ntesis y poes\u00eda.\" \/>\n<meta property=\"og:url\" content=\"http:\/\/boladepapel.org\/sitio\/poesia-mejor-arder-mauricio-alvarez\/\" \/>\n<meta property=\"og:site_name\" content=\"Bola de Papel\" \/>\n<meta property=\"article:published_time\" content=\"2017-09-09T06:58:16+00:00\" \/>\n<meta property=\"article:modified_time\" content=\"2025-06-24T06:28:47+00:00\" \/>\n<meta property=\"og:image\" content=\"http:\/\/boladepapel.org\/sitio\/wp-content\/uploads\/mejor-arder-libro-web.jpg\" \/>\n<meta name=\"twitter:card\" content=\"summary_large_image\" \/>\n<meta name=\"twitter:label1\" content=\"Escrito por\" \/>\n\t<meta name=\"twitter:data1\" content=\"Ehekatl Hern\u00e1ndez\" \/>\n\t<meta name=\"twitter:label2\" content=\"Tiempo de lectura\" \/>\n\t<meta name=\"twitter:data2\" content=\"2 minutos\" \/>\n<script type=\"application\/ld+json\" class=\"yoast-schema-graph\">{\"@context\":\"https:\/\/schema.org\",\"@graph\":[{\"@type\":\"WebSite\",\"@id\":\"https:\/\/boladepapel.org\/sitio\/#website\",\"url\":\"https:\/\/boladepapel.org\/sitio\/\",\"name\":\"Bola de Papel\",\"description\":\"Editorial independiente. M\\u00e9xico. Novela, Poes\\u00eda y Distribuci\\u00f3n\",\"potentialAction\":[{\"@type\":\"SearchAction\",\"target\":{\"@type\":\"EntryPoint\",\"urlTemplate\":\"https:\/\/boladepapel.org\/sitio\/?s={search_term_string}\"},\"query-input\":\"required name=search_term_string\"}],\"inLanguage\":\"es\"},{\"@type\":\"ImageObject\",\"@id\":\"http:\/\/boladepapel.org\/sitio\/poesia-mejor-arder-mauricio-alvarez\/#primaryimage\",\"inLanguage\":\"es\",\"url\":\"http:\/\/boladepapel.org\/sitio\/wp-content\/uploads\/mejor-arder-libro-web.jpg\",\"contentUrl\":\"http:\/\/boladepapel.org\/sitio\/wp-content\/uploads\/mejor-arder-libro-web.jpg\",\"width\":1280,\"height\":677},{\"@type\":\"WebPage\",\"@id\":\"http:\/\/boladepapel.org\/sitio\/poesia-mejor-arder-mauricio-alvarez\/#webpage\",\"url\":\"http:\/\/boladepapel.org\/sitio\/poesia-mejor-arder-mauricio-alvarez\/\",\"name\":\"Mejor arder de Mauricio \\u00c1lvarez Editorial Bola de Papel - Poemario\",\"isPartOf\":{\"@id\":\"https:\/\/boladepapel.org\/sitio\/#website\"},\"primaryImageOfPage\":{\"@id\":\"http:\/\/boladepapel.org\/sitio\/poesia-mejor-arder-mauricio-alvarez\/#primaryimage\"},\"datePublished\":\"2017-09-09T06:58:16+00:00\",\"dateModified\":\"2025-06-24T06:28:47+00:00\",\"author\":{\"@id\":\"https:\/\/boladepapel.org\/sitio\/#\/schema\/person\/de0cc5e0ddd3424911e21f2009e3087a\"},\"description\":\"Mejor arder es un libro de verano que se escribe en invierno; en el que el amor entre hombres, entre libros, entre palabras se da en espacios acotados, entre pare\\u0301ntesis, a los que se pretende ordenar bajo un orden cardinal, que numera cada uno de esos textos entre pare\\u0301ntesis y poes\\u00eda.\",\"breadcrumb\":{\"@id\":\"http:\/\/boladepapel.org\/sitio\/poesia-mejor-arder-mauricio-alvarez\/#breadcrumb\"},\"inLanguage\":\"es\",\"potentialAction\":[{\"@type\":\"ReadAction\",\"target\":[\"http:\/\/boladepapel.org\/sitio\/poesia-mejor-arder-mauricio-alvarez\/\"]}]},{\"@type\":\"BreadcrumbList\",\"@id\":\"http:\/\/boladepapel.org\/sitio\/poesia-mejor-arder-mauricio-alvarez\/#breadcrumb\",\"itemListElement\":[{\"@type\":\"ListItem\",\"position\":1,\"name\":\"Inicio\",\"item\":\"http:\/\/boladepapel.org\/sitio\/\"},{\"@type\":\"ListItem\",\"position\":2,\"name\":\"Mejor arder de Mauricio \\u00c1lvarez\"}]},{\"@type\":\"Person\",\"@id\":\"https:\/\/boladepapel.org\/sitio\/#\/schema\/person\/de0cc5e0ddd3424911e21f2009e3087a\",\"name\":\"Ehekatl Hern\\u00e1ndez\",\"image\":{\"@type\":\"ImageObject\",\"@id\":\"https:\/\/boladepapel.org\/sitio\/#personlogo\",\"inLanguage\":\"es\",\"url\":\"http:\/\/1.gravatar.com\/avatar\/125a343f10a6b968c7a756ee40ea4599?s=96&d=mm&r=g\",\"contentUrl\":\"http:\/\/1.gravatar.com\/avatar\/125a343f10a6b968c7a756ee40ea4599?s=96&d=mm&r=g\",\"caption\":\"Ehekatl Hern\\u00e1ndez\"},\"description\":\"Ehekatl Hern\\u00e1ndez. Dise\\u00f1a, edita y a veces escribe. Twitter| Instagram.\",\"url\":\"http:\/\/boladepapel.org\/sitio\/author\/labola\/\"}]}<\/script>\n<!-- \/ Yoast SEO plugin. -->","yoast_head_json":{"description":"Mejor arder es un libro de verano que se escribe en invierno; en el que el amor entre hombres, entre libros, entre palabras se da en espacios acotados, entre pare\u0301ntesis, a los que se pretende ordenar bajo un orden cardinal, que numera cada uno de esos textos entre pare\u0301ntesis y poes\u00eda.","robots":{"index":"index","follow":"follow","max-snippet":"max-snippet:-1","max-image-preview":"max-image-preview:large","max-video-preview":"max-video-preview:-1"},"canonical":"http:\/\/boladepapel.org\/sitio\/poesia-mejor-arder-mauricio-alvarez\/","og_locale":"es_ES","og_type":"article","og_title":"Mejor arder de Mauricio \u00c1lvarez Editorial Bola de Papel - Poemario","og_description":"Mejor arder es un libro de verano que se escribe en invierno; en el que el amor entre hombres, entre libros, entre palabras se da en espacios acotados, entre pare\u0301ntesis, a los que se pretende ordenar bajo un orden cardinal, que numera cada uno de esos textos entre pare\u0301ntesis y poes\u00eda.","og_url":"http:\/\/boladepapel.org\/sitio\/poesia-mejor-arder-mauricio-alvarez\/","og_site_name":"Bola de Papel","article_published_time":"2017-09-09T06:58:16+00:00","article_modified_time":"2025-06-24T06:28:47+00:00","og_image":[{"url":"http:\/\/boladepapel.org\/sitio\/wp-content\/uploads\/mejor-arder-libro-web.jpg"}],"twitter_card":"summary_large_image","twitter_misc":{"Escrito por":"Ehekatl Hern\u00e1ndez","Tiempo de lectura":"2 minutos"},"schema":{"@context":"https:\/\/schema.org","@graph":[{"@type":"WebSite","@id":"https:\/\/boladepapel.org\/sitio\/#website","url":"https:\/\/boladepapel.org\/sitio\/","name":"Bola de Papel","description":"Editorial independiente. M\u00e9xico. Novela, Poes\u00eda y Distribuci\u00f3n","potentialAction":[{"@type":"SearchAction","target":{"@type":"EntryPoint","urlTemplate":"https:\/\/boladepapel.org\/sitio\/?s={search_term_string}"},"query-input":"required name=search_term_string"}],"inLanguage":"es"},{"@type":"ImageObject","@id":"http:\/\/boladepapel.org\/sitio\/poesia-mejor-arder-mauricio-alvarez\/#primaryimage","inLanguage":"es","url":"http:\/\/boladepapel.org\/sitio\/wp-content\/uploads\/mejor-arder-libro-web.jpg","contentUrl":"http:\/\/boladepapel.org\/sitio\/wp-content\/uploads\/mejor-arder-libro-web.jpg","width":1280,"height":677},{"@type":"WebPage","@id":"http:\/\/boladepapel.org\/sitio\/poesia-mejor-arder-mauricio-alvarez\/#webpage","url":"http:\/\/boladepapel.org\/sitio\/poesia-mejor-arder-mauricio-alvarez\/","name":"Mejor arder de Mauricio \u00c1lvarez Editorial Bola de Papel - Poemario","isPartOf":{"@id":"https:\/\/boladepapel.org\/sitio\/#website"},"primaryImageOfPage":{"@id":"http:\/\/boladepapel.org\/sitio\/poesia-mejor-arder-mauricio-alvarez\/#primaryimage"},"datePublished":"2017-09-09T06:58:16+00:00","dateModified":"2025-06-24T06:28:47+00:00","author":{"@id":"https:\/\/boladepapel.org\/sitio\/#\/schema\/person\/de0cc5e0ddd3424911e21f2009e3087a"},"description":"Mejor arder es un libro de verano que se escribe en invierno; en el que el amor entre hombres, entre libros, entre palabras se da en espacios acotados, entre pare\u0301ntesis, a los que se pretende ordenar bajo un orden cardinal, que numera cada uno de esos textos entre pare\u0301ntesis y poes\u00eda.","breadcrumb":{"@id":"http:\/\/boladepapel.org\/sitio\/poesia-mejor-arder-mauricio-alvarez\/#breadcrumb"},"inLanguage":"es","potentialAction":[{"@type":"ReadAction","target":["http:\/\/boladepapel.org\/sitio\/poesia-mejor-arder-mauricio-alvarez\/"]}]},{"@type":"BreadcrumbList","@id":"http:\/\/boladepapel.org\/sitio\/poesia-mejor-arder-mauricio-alvarez\/#breadcrumb","itemListElement":[{"@type":"ListItem","position":1,"name":"Inicio","item":"http:\/\/boladepapel.org\/sitio\/"},{"@type":"ListItem","position":2,"name":"Mejor arder de Mauricio \u00c1lvarez"}]},{"@type":"Person","@id":"https:\/\/boladepapel.org\/sitio\/#\/schema\/person\/de0cc5e0ddd3424911e21f2009e3087a","name":"Ehekatl Hern\u00e1ndez","image":{"@type":"ImageObject","@id":"https:\/\/boladepapel.org\/sitio\/#personlogo","inLanguage":"es","url":"http:\/\/1.gravatar.com\/avatar\/125a343f10a6b968c7a756ee40ea4599?s=96&d=mm&r=g","contentUrl":"http:\/\/1.gravatar.com\/avatar\/125a343f10a6b968c7a756ee40ea4599?s=96&d=mm&r=g","caption":"Ehekatl Hern\u00e1ndez"},"description":"Ehekatl Hern\u00e1ndez. Dise\u00f1a, edita y a veces escribe. Twitter| Instagram.","url":"http:\/\/boladepapel.org\/sitio\/author\/labola\/"}]}},"_links":{"self":[{"href":"http:\/\/boladepapel.org\/sitio\/wp-json\/wp\/v2\/posts\/236"}],"collection":[{"href":"http:\/\/boladepapel.org\/sitio\/wp-json\/wp\/v2\/posts"}],"about":[{"href":"http:\/\/boladepapel.org\/sitio\/wp-json\/wp\/v2\/types\/post"}],"author":[{"embeddable":true,"href":"http:\/\/boladepapel.org\/sitio\/wp-json\/wp\/v2\/users\/1"}],"replies":[{"embeddable":true,"href":"http:\/\/boladepapel.org\/sitio\/wp-json\/wp\/v2\/comments?post=236"}],"version-history":[{"count":42,"href":"http:\/\/boladepapel.org\/sitio\/wp-json\/wp\/v2\/posts\/236\/revisions"}],"predecessor-version":[{"id":649,"href":"http:\/\/boladepapel.org\/sitio\/wp-json\/wp\/v2\/posts\/236\/revisions\/649"}],"wp:attachment":[{"href":"http:\/\/boladepapel.org\/sitio\/wp-json\/wp\/v2\/media?parent=236"}],"wp:term":[{"taxonomy":"category","embeddable":true,"href":"http:\/\/boladepapel.org\/sitio\/wp-json\/wp\/v2\/categories?post=236"},{"taxonomy":"post_tag","embeddable":true,"href":"http:\/\/boladepapel.org\/sitio\/wp-json\/wp\/v2\/tags?post=236"}],"curies":[{"name":"wp","href":"https:\/\/api.w.org\/{rel}","templated":true}]}}