{"id":230,"date":"2017-09-05T04:49:21","date_gmt":"2017-09-05T10:49:21","guid":{"rendered":"http:\/\/boladepapel.org\/sitio\/?p=230"},"modified":"2025-06-24T00:26:21","modified_gmt":"2025-06-24T06:26:21","slug":"no-siempre-va-a-llover","status":"publish","type":"post","link":"http:\/\/boladepapel.org\/sitio\/no-siempre-va-a-llover\/","title":{"rendered":"No siempre va a llover de Karlos Equis"},"content":{"rendered":"<img loading=\"lazy\" class=\"alignnone size-full wp-image-163\" src=\"http:\/\/boladepapel.org\/sitio\/wp-content\/uploads\/no-siempre-va-a-llover-libro-web.jpg\" alt=\"No siempre va a llover de Karlos X\" width=\"1280\" height=\"677\" \/>\n<h3 class=\"uk-h1\" style=\"font-family: 'Open Sans Condensed';\"><span style=\"font-weight: bold;\">NO SIEMPRE VA A LLOVER<\/span> | Karlos Equis<\/h3>\n<div class=\"page\" title=\"No siempre va a llover de Karlos Equis\">\n<div class=\"layoutArea\">\n<div class=\"uk-column-medium-1-2\" style=\"text-align: right;\">Dari\u0301o es hijo de la crisis, nacio\u0301 y crecio\u0301 en ella dos de\u0301cadas antes de finalizar el milenio. Presagia un futuro incierto a partir de su desventura adolescente, colmado de conflictos no resueltos con sus padres, ostracismo, amor y rabia. Por ello so\u0301lo le importa su banda, sus romances ficticios, y escuchar sus <em>mixtapes<\/em> mientras rueda sobre el asfalto de una Ciudad de Me\u0301xico que no deja de hundirse. En su <em>walkman<\/em> suena todo aquello que sabe a fuga: Mano Negra, Bauhaus, Nick Cave, Joy Division, Los Fabulosos Cadillacs o Santa Sabina; mientras va dando tumbos entre punks, darks, rockers y alguno que otro gru po de indefinidos como e\u0301l y sus amigos, Dari\u0301o intenta encontrar su lugar en un mundo que parece haberse olvidado de e\u0301l, percata\u0301ndose de alguna manera del desencanto de su generacio\u0301n. Esa que pasara\u0301 sin reflectores, aplastada por el escepticismo cro\u0301nico de esos di\u0301as cuando la voz, el asombro y la pertenencia se ganaba en la calle, de pun\u0303o en pun\u0303o, de boca en boca y de derrota en derrota, en esa revolucio\u0301n cotidiana que resulta cuando se pierde la inocencia.\n\n<strong>No siempre va a llover<\/strong> es el relato inicia\u0301tico de un gris antihe\u0301roe con las caracteri\u0301sticas de un adolescente en transicio\u0301n a la mayori\u0301a de edad y las subsecuentes interrogantes de lo que ello representa, quien adema\u0301s, debera\u0301 tomar una decisio\u0301n que marcara\u0301 el rumbo de su vida, bajo la presio\u0301n familiar de sus hermanos mayores y la constante ausencia de su padre. E\u0301sta es una historia de bu\u0301squedas, de preguntas, de amigos y de mu\u0301sica, donde el futuro ha de reservar, como siempre, algo muy distinto.\n<pre style=\"font-size: 14px; line-height: 22px; color: #af9a7d; font-family: 'Open Sans Condensed'; text-transform: uppercase; letter-spacing: 2px;\">NO SIEMPRE VA A LLOVER. Karlos Equis\nEditorial Bola de Papel\nSerie NARRATIVAS\nPrimera Edici\u00f3n: Oto\u00f1o 2017\nDise\u00f1o de la colecci\u00f3n de portada: Ehekatl Hern\u00e1ndez\nComposici\u00f3n: Carlos Javier Ortega\nPP.163<\/pre>\n<\/div>\n<\/div>\n<\/div>\n<a class=\"uk-button uk-button-link\" style=\"background: #c2ac8d; color: #fff;\" href=\"https:\/\/boladepapel.mitiendanube.com\/productos\/no-siempre-va-a-llover-karlos-equis\/\" target=\"_blank\" rel=\"noopener\"><strong>Comprar<\/strong><\/a>","protected":false},"excerpt":{"rendered":"<p>NO SIEMPRE VA A LLOVER | Karlos Equis Dari\u0301o es hijo de la crisis, nacio\u0301 y crecio\u0301 en ella dos de\u0301cadas antes de finalizar el milenio. Presagia un futuro incierto a partir de su desventura adolescente, colmado de conflictos no resueltos con sus padres, ostracismo, amor y rabia. Por ello so\u0301lo le importa su banda, [&hellip;]<\/p>\n","protected":false},"author":1,"featured_media":0,"comment_status":"closed","ping_status":"open","sticky":false,"template":"","format":"standard","meta":[],"categories":[40],"tags":[52,53,48,50,51],"yoast_head":"<!-- This site is optimized with the Yoast SEO plugin v17.0 - https:\/\/yoast.com\/wordpress\/plugins\/seo\/ -->\n<meta name=\"description\" content=\"No siempre va a llover es el relato inicia\u0301tico de un gris antihe\u0301roe, una historia de bu\u0301squedas, de preguntas, de amigos y de mu\u0301sica.\" \/>\n<meta name=\"robots\" content=\"index, follow, max-snippet:-1, max-image-preview:large, max-video-preview:-1\" \/>\n<link rel=\"canonical\" href=\"http:\/\/boladepapel.org\/sitio\/no-siempre-va-a-llover\/\" \/>\n<meta property=\"og:locale\" content=\"es_ES\" \/>\n<meta property=\"og:type\" content=\"article\" \/>\n<meta property=\"og:title\" content=\"No siempre va a llover de Karlos Equis - Editorial Bola de papel\" \/>\n<meta property=\"og:description\" content=\"No siempre va a llover es el relato inicia\u0301tico de un gris antihe\u0301roe, una historia de bu\u0301squedas, de preguntas, de amigos y de mu\u0301sica.\" \/>\n<meta property=\"og:url\" content=\"http:\/\/boladepapel.org\/sitio\/no-siempre-va-a-llover\/\" \/>\n<meta property=\"og:site_name\" content=\"Bola de Papel\" \/>\n<meta property=\"article:published_time\" content=\"2017-09-05T10:49:21+00:00\" \/>\n<meta property=\"article:modified_time\" content=\"2025-06-24T06:26:21+00:00\" \/>\n<meta property=\"og:image\" content=\"http:\/\/boladepapel.org\/sitio\/wp-content\/uploads\/no-siempre-va-a-llover-libro-web.jpg\" \/>\n<meta name=\"twitter:card\" content=\"summary_large_image\" \/>\n<meta name=\"twitter:label1\" content=\"Escrito por\" \/>\n\t<meta name=\"twitter:data1\" content=\"Ehekatl Hern\u00e1ndez\" \/>\n\t<meta name=\"twitter:label2\" content=\"Tiempo de lectura\" \/>\n\t<meta name=\"twitter:data2\" content=\"2 minutos\" \/>\n<script type=\"application\/ld+json\" class=\"yoast-schema-graph\">{\"@context\":\"https:\/\/schema.org\",\"@graph\":[{\"@type\":\"WebSite\",\"@id\":\"https:\/\/boladepapel.org\/sitio\/#website\",\"url\":\"https:\/\/boladepapel.org\/sitio\/\",\"name\":\"Bola de Papel\",\"description\":\"Editorial independiente. M\\u00e9xico. Novela, Poes\\u00eda y Distribuci\\u00f3n\",\"potentialAction\":[{\"@type\":\"SearchAction\",\"target\":{\"@type\":\"EntryPoint\",\"urlTemplate\":\"https:\/\/boladepapel.org\/sitio\/?s={search_term_string}\"},\"query-input\":\"required name=search_term_string\"}],\"inLanguage\":\"es\"},{\"@type\":\"ImageObject\",\"@id\":\"http:\/\/boladepapel.org\/sitio\/no-siempre-va-a-llover\/#primaryimage\",\"inLanguage\":\"es\",\"url\":\"http:\/\/boladepapel.org\/sitio\/wp-content\/uploads\/no-siempre-va-a-llover-libro-web.jpg\",\"contentUrl\":\"http:\/\/boladepapel.org\/sitio\/wp-content\/uploads\/no-siempre-va-a-llover-libro-web.jpg\",\"width\":1280,\"height\":677},{\"@type\":\"WebPage\",\"@id\":\"http:\/\/boladepapel.org\/sitio\/no-siempre-va-a-llover\/#webpage\",\"url\":\"http:\/\/boladepapel.org\/sitio\/no-siempre-va-a-llover\/\",\"name\":\"No siempre va a llover de Karlos Equis - Editorial Bola de papel\",\"isPartOf\":{\"@id\":\"https:\/\/boladepapel.org\/sitio\/#website\"},\"primaryImageOfPage\":{\"@id\":\"http:\/\/boladepapel.org\/sitio\/no-siempre-va-a-llover\/#primaryimage\"},\"datePublished\":\"2017-09-05T10:49:21+00:00\",\"dateModified\":\"2025-06-24T06:26:21+00:00\",\"author\":{\"@id\":\"https:\/\/boladepapel.org\/sitio\/#\/schema\/person\/de0cc5e0ddd3424911e21f2009e3087a\"},\"description\":\"No siempre va a llover es el relato inicia\\u0301tico de un gris antihe\\u0301roe, una historia de bu\\u0301squedas, de preguntas, de amigos y de mu\\u0301sica.\",\"breadcrumb\":{\"@id\":\"http:\/\/boladepapel.org\/sitio\/no-siempre-va-a-llover\/#breadcrumb\"},\"inLanguage\":\"es\",\"potentialAction\":[{\"@type\":\"ReadAction\",\"target\":[\"http:\/\/boladepapel.org\/sitio\/no-siempre-va-a-llover\/\"]}]},{\"@type\":\"BreadcrumbList\",\"@id\":\"http:\/\/boladepapel.org\/sitio\/no-siempre-va-a-llover\/#breadcrumb\",\"itemListElement\":[{\"@type\":\"ListItem\",\"position\":1,\"name\":\"Inicio\",\"item\":\"http:\/\/boladepapel.org\/sitio\/\"},{\"@type\":\"ListItem\",\"position\":2,\"name\":\"No siempre va a llover de Karlos Equis\"}]},{\"@type\":\"Person\",\"@id\":\"https:\/\/boladepapel.org\/sitio\/#\/schema\/person\/de0cc5e0ddd3424911e21f2009e3087a\",\"name\":\"Ehekatl Hern\\u00e1ndez\",\"image\":{\"@type\":\"ImageObject\",\"@id\":\"https:\/\/boladepapel.org\/sitio\/#personlogo\",\"inLanguage\":\"es\",\"url\":\"http:\/\/1.gravatar.com\/avatar\/125a343f10a6b968c7a756ee40ea4599?s=96&d=mm&r=g\",\"contentUrl\":\"http:\/\/1.gravatar.com\/avatar\/125a343f10a6b968c7a756ee40ea4599?s=96&d=mm&r=g\",\"caption\":\"Ehekatl Hern\\u00e1ndez\"},\"description\":\"Ehekatl Hern\\u00e1ndez. Dise\\u00f1a, edita y a veces escribe. Twitter| Instagram.\",\"url\":\"http:\/\/boladepapel.org\/sitio\/author\/labola\/\"}]}<\/script>\n<!-- \/ Yoast SEO plugin. -->","yoast_head_json":{"description":"No siempre va a llover es el relato inicia\u0301tico de un gris antihe\u0301roe, una historia de bu\u0301squedas, de preguntas, de amigos y de mu\u0301sica.","robots":{"index":"index","follow":"follow","max-snippet":"max-snippet:-1","max-image-preview":"max-image-preview:large","max-video-preview":"max-video-preview:-1"},"canonical":"http:\/\/boladepapel.org\/sitio\/no-siempre-va-a-llover\/","og_locale":"es_ES","og_type":"article","og_title":"No siempre va a llover de Karlos Equis - Editorial Bola de papel","og_description":"No siempre va a llover es el relato inicia\u0301tico de un gris antihe\u0301roe, una historia de bu\u0301squedas, de preguntas, de amigos y de mu\u0301sica.","og_url":"http:\/\/boladepapel.org\/sitio\/no-siempre-va-a-llover\/","og_site_name":"Bola de Papel","article_published_time":"2017-09-05T10:49:21+00:00","article_modified_time":"2025-06-24T06:26:21+00:00","og_image":[{"url":"http:\/\/boladepapel.org\/sitio\/wp-content\/uploads\/no-siempre-va-a-llover-libro-web.jpg"}],"twitter_card":"summary_large_image","twitter_misc":{"Escrito por":"Ehekatl Hern\u00e1ndez","Tiempo de lectura":"2 minutos"},"schema":{"@context":"https:\/\/schema.org","@graph":[{"@type":"WebSite","@id":"https:\/\/boladepapel.org\/sitio\/#website","url":"https:\/\/boladepapel.org\/sitio\/","name":"Bola de Papel","description":"Editorial independiente. M\u00e9xico. Novela, Poes\u00eda y Distribuci\u00f3n","potentialAction":[{"@type":"SearchAction","target":{"@type":"EntryPoint","urlTemplate":"https:\/\/boladepapel.org\/sitio\/?s={search_term_string}"},"query-input":"required name=search_term_string"}],"inLanguage":"es"},{"@type":"ImageObject","@id":"http:\/\/boladepapel.org\/sitio\/no-siempre-va-a-llover\/#primaryimage","inLanguage":"es","url":"http:\/\/boladepapel.org\/sitio\/wp-content\/uploads\/no-siempre-va-a-llover-libro-web.jpg","contentUrl":"http:\/\/boladepapel.org\/sitio\/wp-content\/uploads\/no-siempre-va-a-llover-libro-web.jpg","width":1280,"height":677},{"@type":"WebPage","@id":"http:\/\/boladepapel.org\/sitio\/no-siempre-va-a-llover\/#webpage","url":"http:\/\/boladepapel.org\/sitio\/no-siempre-va-a-llover\/","name":"No siempre va a llover de Karlos Equis - Editorial Bola de papel","isPartOf":{"@id":"https:\/\/boladepapel.org\/sitio\/#website"},"primaryImageOfPage":{"@id":"http:\/\/boladepapel.org\/sitio\/no-siempre-va-a-llover\/#primaryimage"},"datePublished":"2017-09-05T10:49:21+00:00","dateModified":"2025-06-24T06:26:21+00:00","author":{"@id":"https:\/\/boladepapel.org\/sitio\/#\/schema\/person\/de0cc5e0ddd3424911e21f2009e3087a"},"description":"No siempre va a llover es el relato inicia\u0301tico de un gris antihe\u0301roe, una historia de bu\u0301squedas, de preguntas, de amigos y de mu\u0301sica.","breadcrumb":{"@id":"http:\/\/boladepapel.org\/sitio\/no-siempre-va-a-llover\/#breadcrumb"},"inLanguage":"es","potentialAction":[{"@type":"ReadAction","target":["http:\/\/boladepapel.org\/sitio\/no-siempre-va-a-llover\/"]}]},{"@type":"BreadcrumbList","@id":"http:\/\/boladepapel.org\/sitio\/no-siempre-va-a-llover\/#breadcrumb","itemListElement":[{"@type":"ListItem","position":1,"name":"Inicio","item":"http:\/\/boladepapel.org\/sitio\/"},{"@type":"ListItem","position":2,"name":"No siempre va a llover de Karlos Equis"}]},{"@type":"Person","@id":"https:\/\/boladepapel.org\/sitio\/#\/schema\/person\/de0cc5e0ddd3424911e21f2009e3087a","name":"Ehekatl Hern\u00e1ndez","image":{"@type":"ImageObject","@id":"https:\/\/boladepapel.org\/sitio\/#personlogo","inLanguage":"es","url":"http:\/\/1.gravatar.com\/avatar\/125a343f10a6b968c7a756ee40ea4599?s=96&d=mm&r=g","contentUrl":"http:\/\/1.gravatar.com\/avatar\/125a343f10a6b968c7a756ee40ea4599?s=96&d=mm&r=g","caption":"Ehekatl Hern\u00e1ndez"},"description":"Ehekatl Hern\u00e1ndez. Dise\u00f1a, edita y a veces escribe. Twitter| Instagram.","url":"http:\/\/boladepapel.org\/sitio\/author\/labola\/"}]}},"_links":{"self":[{"href":"http:\/\/boladepapel.org\/sitio\/wp-json\/wp\/v2\/posts\/230"}],"collection":[{"href":"http:\/\/boladepapel.org\/sitio\/wp-json\/wp\/v2\/posts"}],"about":[{"href":"http:\/\/boladepapel.org\/sitio\/wp-json\/wp\/v2\/types\/post"}],"author":[{"embeddable":true,"href":"http:\/\/boladepapel.org\/sitio\/wp-json\/wp\/v2\/users\/1"}],"replies":[{"embeddable":true,"href":"http:\/\/boladepapel.org\/sitio\/wp-json\/wp\/v2\/comments?post=230"}],"version-history":[{"count":31,"href":"http:\/\/boladepapel.org\/sitio\/wp-json\/wp\/v2\/posts\/230\/revisions"}],"predecessor-version":[{"id":647,"href":"http:\/\/boladepapel.org\/sitio\/wp-json\/wp\/v2\/posts\/230\/revisions\/647"}],"wp:attachment":[{"href":"http:\/\/boladepapel.org\/sitio\/wp-json\/wp\/v2\/media?parent=230"}],"wp:term":[{"taxonomy":"category","embeddable":true,"href":"http:\/\/boladepapel.org\/sitio\/wp-json\/wp\/v2\/categories?post=230"},{"taxonomy":"post_tag","embeddable":true,"href":"http:\/\/boladepapel.org\/sitio\/wp-json\/wp\/v2\/tags?post=230"}],"curies":[{"name":"wp","href":"https:\/\/api.w.org\/{rel}","templated":true}]}}